{"id":2311,"date":"2025-09-24T15:27:00","date_gmt":"2025-09-24T14:27:00","guid":{"rendered":"https:\/\/www.radiomais.ao\/?p=2311"},"modified":"2025-09-24T15:27:00","modified_gmt":"2025-09-24T14:27:00","slug":"angola-contara-com-cerca-de-300-enfermeiros-especializados-em-infecciologia","status":"publish","type":"post","link":"https:\/\/www.radiomais.ao\/index.php\/2025\/09\/24\/angola-contara-com-cerca-de-300-enfermeiros-especializados-em-infecciologia\/","title":{"rendered":"Angola contar\u00e1 com cerca de 300 enfermeiros especializados em infecciologia."},"content":{"rendered":"\n<p>O grupo inaugural \u00e9 composto por 23 profissionais de enfermagem, provenientes de diversas prov\u00edncias do pa\u00eds, que iniciaram a especializa\u00e7\u00e3o em Mar\u00e7o de 2025, a margem do Projecto de Forma\u00e7\u00e3o de Quadros de Recursos Humanos em Sa\u00fade. Fonte <strong><em><a href=\"https:\/\/www.opais.ao\/sociedade\/angola-contara-com-cerca-de-300-enfermeiros-especializados-em-infecciologia\/\">Opa\u00eds<\/a><\/em><\/strong><\/p>\n","protected":false},"excerpt":{"rendered":"<p>O grupo inaugural \u00e9 composto por 23 profissionais de enfermagem, provenientes de diversas prov\u00edncias do pa\u00eds, que iniciaram a especializa\u00e7\u00e3o em Mar\u00e7o de 2025, a margem do Projecto de Forma\u00e7\u00e3o de Quadros de Recursos Humanos em Sa\u00fade. Fonte Opa\u00eds<\/p>\n","protected":false},"author":3,"featured_media":2312,"comment_status":"open","ping_status":"open","sticky":false,"template":"","format":"standard","meta":{"footnotes":""},"categories":[16],"tags":[75,701,702],"class_list":["post-2311","post","type-post","status-publish","format-standard","has-post-thumbnail","hentry","category-actualidade","tag-angola","tag-enfermeiros","tag-infecciologia"],"blocksy_meta":[],"_links":{"self":[{"href":"https:\/\/www.radiomais.ao\/index.php\/wp-json\/wp\/v2\/posts\/2311","targetHints":{"allow":["GET"]}}],"collection":[{"href":"https:\/\/www.radiomais.ao\/index.php\/wp-json\/wp\/v2\/posts"}],"about":[{"href":"https:\/\/www.radiomais.ao\/index.php\/wp-json\/wp\/v2\/types\/post"}],"author":[{"embeddable":true,"href":"https:\/\/www.radiomais.ao\/index.php\/wp-json\/wp\/v2\/users\/3"}],"replies":[{"embeddable":true,"href":"https:\/\/www.radiomais.ao\/index.php\/wp-json\/wp\/v2\/comments?post=2311"}],"version-history":[{"count":1,"href":"https:\/\/www.radiomais.ao\/index.php\/wp-json\/wp\/v2\/posts\/2311\/revisions"}],"predecessor-version":[{"id":2313,"href":"https:\/\/www.radiomais.ao\/index.php\/wp-json\/wp\/v2\/posts\/2311\/revisions\/2313"}],"wp:featuredmedia":[{"embeddable":true,"href":"https:\/\/www.radiomais.ao\/index.php\/wp-json\/wp\/v2\/media\/2312"}],"wp:attachment":[{"href":"https:\/\/www.radiomais.ao\/index.php\/wp-json\/wp\/v2\/media?parent=2311"}],"wp:term":[{"taxonomy":"category","embeddable":true,"href":"https:\/\/www.radiomais.ao\/index.php\/wp-json\/wp\/v2\/categories?post=2311"},{"taxonomy":"post_tag","embeddable":true,"href":"https:\/\/www.radiomais.ao\/index.php\/wp-json\/wp\/v2\/tags?post=2311"}],"curies":[{"name":"wp","href":"https:\/\/api.w.org\/{rel}","templated":true}]}}