{"id":2314,"date":"2025-09-24T15:31:04","date_gmt":"2025-09-24T14:31:04","guid":{"rendered":"https:\/\/www.radiomais.ao\/?p=2314"},"modified":"2025-09-24T15:31:04","modified_gmt":"2025-09-24T14:31:04","slug":"recem-nascido-encontrado-morto-no-interior-de-um-contentor-de-lixo-na-samba","status":"publish","type":"post","link":"https:\/\/www.radiomais.ao\/index.php\/2025\/09\/24\/recem-nascido-encontrado-morto-no-interior-de-um-contentor-de-lixo-na-samba\/","title":{"rendered":"\u200eRec\u00e9m-nascido encontrado morto no interior de um contentor de lixo na Samba."},"content":{"rendered":"\n<p>Os moradores do munic\u00edpio da Samba, em Luanda, denunciaram, na manh\u00e3 desta quarta-feira, 24, \u00e0s autoridades competentes, a exist\u00eancia de um fecto encontrado sem vida no interior de um contentor de lixo, em frente ao Comissariado da Samba.<br>\u200e<br>\u200eEm resposta \u00e0 ocorr\u00eancia, os efectivos da Pol\u00edcia Nacional fizeram-se ao local para, em coordena\u00e7\u00e3o com outros \u00f3rg\u00e3os castrenses, proceder \u00e0 remo\u00e7\u00e3o do cad\u00e1ver do rec\u00e9m-nascido. Fonte <strong><em><a href=\"https:\/\/www.opais.ao\/sociedade\/recem-nascido-encontrado-morto-no-interior-de-um-contentor-de-lixo-na-samba\/\">Opa\u00eds<\/a><\/em><\/strong><\/p>\n","protected":false},"excerpt":{"rendered":"<p>Os moradores do munic\u00edpio da Samba, em Luanda, denunciaram, na manh\u00e3 desta quarta-feira, 24, \u00e0s autoridades competentes, a exist\u00eancia de um fecto encontrado sem vida no interior de um contentor de lixo, em frente ao Comissariado da Samba.\u200e\u200eEm resposta \u00e0 ocorr\u00eancia, os efectivos da Pol\u00edcia Nacional fizeram-se ao local para, em coordena\u00e7\u00e3o com outros \u00f3rg\u00e3os [&hellip;]<\/p>\n","protected":false},"author":3,"featured_media":2315,"comment_status":"open","ping_status":"open","sticky":false,"template":"","format":"standard","meta":{"footnotes":""},"categories":[16],"tags":[617,703,704],"class_list":["post-2314","post","type-post","status-publish","format-standard","has-post-thumbnail","hentry","category-actualidade","tag-morto","tag-recem-nascido","tag-samba"],"blocksy_meta":[],"_links":{"self":[{"href":"https:\/\/www.radiomais.ao\/index.php\/wp-json\/wp\/v2\/posts\/2314","targetHints":{"allow":["GET"]}}],"collection":[{"href":"https:\/\/www.radiomais.ao\/index.php\/wp-json\/wp\/v2\/posts"}],"about":[{"href":"https:\/\/www.radiomais.ao\/index.php\/wp-json\/wp\/v2\/types\/post"}],"author":[{"embeddable":true,"href":"https:\/\/www.radiomais.ao\/index.php\/wp-json\/wp\/v2\/users\/3"}],"replies":[{"embeddable":true,"href":"https:\/\/www.radiomais.ao\/index.php\/wp-json\/wp\/v2\/comments?post=2314"}],"version-history":[{"count":1,"href":"https:\/\/www.radiomais.ao\/index.php\/wp-json\/wp\/v2\/posts\/2314\/revisions"}],"predecessor-version":[{"id":2316,"href":"https:\/\/www.radiomais.ao\/index.php\/wp-json\/wp\/v2\/posts\/2314\/revisions\/2316"}],"wp:featuredmedia":[{"embeddable":true,"href":"https:\/\/www.radiomais.ao\/index.php\/wp-json\/wp\/v2\/media\/2315"}],"wp:attachment":[{"href":"https:\/\/www.radiomais.ao\/index.php\/wp-json\/wp\/v2\/media?parent=2314"}],"wp:term":[{"taxonomy":"category","embeddable":true,"href":"https:\/\/www.radiomais.ao\/index.php\/wp-json\/wp\/v2\/categories?post=2314"},{"taxonomy":"post_tag","embeddable":true,"href":"https:\/\/www.radiomais.ao\/index.php\/wp-json\/wp\/v2\/tags?post=2314"}],"curies":[{"name":"wp","href":"https:\/\/api.w.org\/{rel}","templated":true}]}}