{"id":2320,"date":"2025-09-24T15:41:25","date_gmt":"2025-09-24T14:41:25","guid":{"rendered":"https:\/\/www.radiomais.ao\/?p=2320"},"modified":"2025-09-24T15:41:25","modified_gmt":"2025-09-24T14:41:25","slug":"regresso-de-elefantes-apontado-como-ganho-dos-50-anos-de-independencia","status":"publish","type":"post","link":"https:\/\/www.radiomais.ao\/index.php\/2025\/09\/24\/regresso-de-elefantes-apontado-como-ganho-dos-50-anos-de-independencia\/","title":{"rendered":"Regresso de elefantes apontado como ganho dos 50 anos de independ\u00eancia."},"content":{"rendered":"\n<p><strong>O repovoamento faun\u00edstico, com destaque para o regresso dos elefantes, constitui um dos principais ganhos dos 50 anos de independ\u00eancia de Angola, considerou, nesta ter\u00e7a-feira, o director do gabinete da Cultura e Turismo da prov\u00edncia do Cubango, Jos\u00e9 Eduardo Ezequias<\/strong>. Fonte <strong><em><a href=\"https:\/\/www.opais.ao\/sociedade\/regresso-de-elefantes-apontado-como-ganho-dos-50-anos-de-independencia\/\">Opa\u00eds<\/a><\/em><\/strong><\/p>\n","protected":false},"excerpt":{"rendered":"<p>O repovoamento faun\u00edstico, com destaque para o regresso dos elefantes, constitui um dos principais ganhos dos 50 anos de independ\u00eancia de Angola, considerou, nesta ter\u00e7a-feira, o director do gabinete da Cultura e Turismo da prov\u00edncia do Cubango, Jos\u00e9 Eduardo Ezequias. Fonte Opa\u00eds<\/p>\n","protected":false},"author":3,"featured_media":2321,"comment_status":"open","ping_status":"open","sticky":false,"template":"","format":"standard","meta":{"footnotes":""},"categories":[16],"tags":[710,709,711],"class_list":["post-2320","post","type-post","status-publish","format-standard","has-post-thumbnail","hentry","category-actualidade","tag-50-anos-de-independ","tag-elefantes","tag-inependencia"],"blocksy_meta":[],"_links":{"self":[{"href":"https:\/\/www.radiomais.ao\/index.php\/wp-json\/wp\/v2\/posts\/2320","targetHints":{"allow":["GET"]}}],"collection":[{"href":"https:\/\/www.radiomais.ao\/index.php\/wp-json\/wp\/v2\/posts"}],"about":[{"href":"https:\/\/www.radiomais.ao\/index.php\/wp-json\/wp\/v2\/types\/post"}],"author":[{"embeddable":true,"href":"https:\/\/www.radiomais.ao\/index.php\/wp-json\/wp\/v2\/users\/3"}],"replies":[{"embeddable":true,"href":"https:\/\/www.radiomais.ao\/index.php\/wp-json\/wp\/v2\/comments?post=2320"}],"version-history":[{"count":1,"href":"https:\/\/www.radiomais.ao\/index.php\/wp-json\/wp\/v2\/posts\/2320\/revisions"}],"predecessor-version":[{"id":2322,"href":"https:\/\/www.radiomais.ao\/index.php\/wp-json\/wp\/v2\/posts\/2320\/revisions\/2322"}],"wp:featuredmedia":[{"embeddable":true,"href":"https:\/\/www.radiomais.ao\/index.php\/wp-json\/wp\/v2\/media\/2321"}],"wp:attachment":[{"href":"https:\/\/www.radiomais.ao\/index.php\/wp-json\/wp\/v2\/media?parent=2320"}],"wp:term":[{"taxonomy":"category","embeddable":true,"href":"https:\/\/www.radiomais.ao\/index.php\/wp-json\/wp\/v2\/categories?post=2320"},{"taxonomy":"post_tag","embeddable":true,"href":"https:\/\/www.radiomais.ao\/index.php\/wp-json\/wp\/v2\/tags?post=2320"}],"curies":[{"name":"wp","href":"https:\/\/api.w.org\/{rel}","templated":true}]}}