{"id":2323,"date":"2025-09-25T11:08:21","date_gmt":"2025-09-25T10:08:21","guid":{"rendered":"https:\/\/www.radiomais.ao\/?p=2323"},"modified":"2025-09-25T11:08:21","modified_gmt":"2025-09-25T10:08:21","slug":"expo-bengo-arranca-hoje-com-a-participacao-de-mais-de-200-expositores","status":"publish","type":"post","link":"https:\/\/www.radiomais.ao\/index.php\/2025\/09\/25\/expo-bengo-arranca-hoje-com-a-participacao-de-mais-de-200-expositores\/","title":{"rendered":"Expo-Bengo arranca hoje com a participa\u00e7\u00e3o de mais de 200 expositores."},"content":{"rendered":"\n<p>A primeira edi\u00e7\u00e3o da Expo-Bengo 2025, a maior bolsa de neg\u00f3cios da prov\u00edncia do Bengo, a ter lugar no munic\u00edpio do Panguila, come\u00e7a esta quinta-feira, 25, com a previs\u00e3o de cerca de 210 expositores, entre nacionais e estrangeiros que durante quatro dias v\u00e3o apresentar todas as potencialidades econ\u00f3micas de que disp\u00f5em aquela regi\u00e3o do pa\u00eds. Fonte <strong><em><a href=\"https:\/\/www.opais.ao\/economia\/expo-bengo-arranca-hoje-com-a-participacao-de-mais-de-200-expositores\/\">Opa\u00eds<\/a><\/em><\/strong><\/p>\n","protected":false},"excerpt":{"rendered":"<p>A primeira edi\u00e7\u00e3o da Expo-Bengo 2025, a maior bolsa de neg\u00f3cios da prov\u00edncia do Bengo, a ter lugar no munic\u00edpio do Panguila, come\u00e7a esta quinta-feira, 25, com a previs\u00e3o de cerca de 210 expositores, entre nacionais e estrangeiros que durante quatro dias v\u00e3o apresentar todas as potencialidades econ\u00f3micas de que disp\u00f5em aquela regi\u00e3o do pa\u00eds. [&hellip;]<\/p>\n","protected":false},"author":3,"featured_media":2324,"comment_status":"open","ping_status":"open","sticky":false,"template":"","format":"standard","meta":{"footnotes":""},"categories":[16],"tags":[713,712],"class_list":["post-2323","post","type-post","status-publish","format-standard","has-post-thumbnail","hentry","category-actualidade","tag-200-expositores","tag-expo-bengo-arranca-hoje"],"blocksy_meta":[],"_links":{"self":[{"href":"https:\/\/www.radiomais.ao\/index.php\/wp-json\/wp\/v2\/posts\/2323","targetHints":{"allow":["GET"]}}],"collection":[{"href":"https:\/\/www.radiomais.ao\/index.php\/wp-json\/wp\/v2\/posts"}],"about":[{"href":"https:\/\/www.radiomais.ao\/index.php\/wp-json\/wp\/v2\/types\/post"}],"author":[{"embeddable":true,"href":"https:\/\/www.radiomais.ao\/index.php\/wp-json\/wp\/v2\/users\/3"}],"replies":[{"embeddable":true,"href":"https:\/\/www.radiomais.ao\/index.php\/wp-json\/wp\/v2\/comments?post=2323"}],"version-history":[{"count":1,"href":"https:\/\/www.radiomais.ao\/index.php\/wp-json\/wp\/v2\/posts\/2323\/revisions"}],"predecessor-version":[{"id":2325,"href":"https:\/\/www.radiomais.ao\/index.php\/wp-json\/wp\/v2\/posts\/2323\/revisions\/2325"}],"wp:featuredmedia":[{"embeddable":true,"href":"https:\/\/www.radiomais.ao\/index.php\/wp-json\/wp\/v2\/media\/2324"}],"wp:attachment":[{"href":"https:\/\/www.radiomais.ao\/index.php\/wp-json\/wp\/v2\/media?parent=2323"}],"wp:term":[{"taxonomy":"category","embeddable":true,"href":"https:\/\/www.radiomais.ao\/index.php\/wp-json\/wp\/v2\/categories?post=2323"},{"taxonomy":"post_tag","embeddable":true,"href":"https:\/\/www.radiomais.ao\/index.php\/wp-json\/wp\/v2\/tags?post=2323"}],"curies":[{"name":"wp","href":"https:\/\/api.w.org\/{rel}","templated":true}]}}