{"id":2326,"date":"2025-09-25T11:12:29","date_gmt":"2025-09-25T10:12:29","guid":{"rendered":"https:\/\/www.radiomais.ao\/?p=2326"},"modified":"2025-09-25T11:12:29","modified_gmt":"2025-09-25T10:12:29","slug":"pca-da-enapp-garante-que-capacitacao-de-quadros-aumenta-transparencia-na-contratacao-publica-angolana","status":"publish","type":"post","link":"https:\/\/www.radiomais.ao\/index.php\/2025\/09\/25\/pca-da-enapp-garante-que-capacitacao-de-quadros-aumenta-transparencia-na-contratacao-publica-angolana\/","title":{"rendered":"PCA da ENAPP garante que capacita\u00e7\u00e3o de quadros aumenta transpar\u00eancia na contrata\u00e7\u00e3o p\u00fablica angolana."},"content":{"rendered":"\n<p>A presidente do Conselho de Administra\u00e7\u00e3o da Escola Nacional de Administra\u00e7\u00e3o e Pol\u00edticas P\u00fablicas (ENAPP), Sandra Rodrigues Alves, defendeu, em Madrid, a transpar\u00eancia e lisura do modelo de Contrata\u00e7\u00e3o P\u00fablica de Angola, e atribuiu o sucesso \u00e0 capacita\u00e7\u00e3o cont\u00ednua dos quadros envolvidos no processo. Fonte <strong><em><a href=\"https:\/\/www.opais.ao\/politica\/pca-da-enapp-garante-que-capacitacao-de-quadros-aumenta-transparencia-na-contratacao-publica-angolana\/\">Opa\u00eds<\/a><\/em><\/strong><\/p>\n","protected":false},"excerpt":{"rendered":"<p>A presidente do Conselho de Administra\u00e7\u00e3o da Escola Nacional de Administra\u00e7\u00e3o e Pol\u00edticas P\u00fablicas (ENAPP), Sandra Rodrigues Alves, defendeu, em Madrid, a transpar\u00eancia e lisura do modelo de Contrata\u00e7\u00e3o P\u00fablica de Angola, e atribuiu o sucesso \u00e0 capacita\u00e7\u00e3o cont\u00ednua dos quadros envolvidos no processo. Fonte Opa\u00eds<\/p>\n","protected":false},"author":3,"featured_media":2327,"comment_status":"open","ping_status":"open","sticky":false,"template":"","format":"standard","meta":{"footnotes":""},"categories":[16],"tags":[715,714,716],"class_list":["post-2326","post","type-post","status-publish","format-standard","has-post-thumbnail","hentry","category-actualidade","tag-anepp","tag-pca","tag-quadros"],"blocksy_meta":[],"_links":{"self":[{"href":"https:\/\/www.radiomais.ao\/index.php\/wp-json\/wp\/v2\/posts\/2326","targetHints":{"allow":["GET"]}}],"collection":[{"href":"https:\/\/www.radiomais.ao\/index.php\/wp-json\/wp\/v2\/posts"}],"about":[{"href":"https:\/\/www.radiomais.ao\/index.php\/wp-json\/wp\/v2\/types\/post"}],"author":[{"embeddable":true,"href":"https:\/\/www.radiomais.ao\/index.php\/wp-json\/wp\/v2\/users\/3"}],"replies":[{"embeddable":true,"href":"https:\/\/www.radiomais.ao\/index.php\/wp-json\/wp\/v2\/comments?post=2326"}],"version-history":[{"count":1,"href":"https:\/\/www.radiomais.ao\/index.php\/wp-json\/wp\/v2\/posts\/2326\/revisions"}],"predecessor-version":[{"id":2328,"href":"https:\/\/www.radiomais.ao\/index.php\/wp-json\/wp\/v2\/posts\/2326\/revisions\/2328"}],"wp:featuredmedia":[{"embeddable":true,"href":"https:\/\/www.radiomais.ao\/index.php\/wp-json\/wp\/v2\/media\/2327"}],"wp:attachment":[{"href":"https:\/\/www.radiomais.ao\/index.php\/wp-json\/wp\/v2\/media?parent=2326"}],"wp:term":[{"taxonomy":"category","embeddable":true,"href":"https:\/\/www.radiomais.ao\/index.php\/wp-json\/wp\/v2\/categories?post=2326"},{"taxonomy":"post_tag","embeddable":true,"href":"https:\/\/www.radiomais.ao\/index.php\/wp-json\/wp\/v2\/tags?post=2326"}],"curies":[{"name":"wp","href":"https:\/\/api.w.org\/{rel}","templated":true}]}}