{"id":2329,"date":"2025-09-25T11:15:55","date_gmt":"2025-09-25T10:15:55","guid":{"rendered":"https:\/\/www.radiomais.ao\/?p=2329"},"modified":"2025-09-25T11:15:55","modified_gmt":"2025-09-25T10:15:55","slug":"joao-lourenco-e-volodymyr-zelensky-abordam-cooperacao","status":"publish","type":"post","link":"https:\/\/www.radiomais.ao\/index.php\/2025\/09\/25\/joao-lourenco-e-volodymyr-zelensky-abordam-cooperacao\/","title":{"rendered":"Jo\u00e3o Louren\u00e7o e Volodymyr Zelensky abordam coopera\u00e7\u00e3o."},"content":{"rendered":"\n<p>O Presidente da Rep\u00fablica concedeu, hoje, uma audi\u00eancia, em Nova Iorque, ao hom\u00f3logo ucraniano, Volodymyr Zelensky, no \u00e2mbito da 80.\u00aa sess\u00e3o da Assembleia-Geral das Na\u00e7\u00f5es Unidas. Fonte<strong><em><a href=\"https:\/\/www.opais.ao\/politica\/joao-lourenco-e-volodymyr-zelensky-abordam-cooperacao\/\"> Opa\u00eds<\/a><\/em><\/strong><\/p>\n\n\n\n<p><\/p>\n","protected":false},"excerpt":{"rendered":"<p>O Presidente da Rep\u00fablica concedeu, hoje, uma audi\u00eancia, em Nova Iorque, ao hom\u00f3logo ucraniano, Volodymyr Zelensky, no \u00e2mbito da 80.\u00aa sess\u00e3o da Assembleia-Geral das Na\u00e7\u00f5es Unidas. Fonte Opa\u00eds<\/p>\n","protected":false},"author":3,"featured_media":2330,"comment_status":"open","ping_status":"open","sticky":false,"template":"","format":"standard","meta":{"footnotes":""},"categories":[16],"tags":[283,717,718],"class_list":["post-2329","post","type-post","status-publish","format-standard","has-post-thumbnail","hentry","category-actualidade","tag-cooperacao","tag-pr-joao-lourenco","tag-zelensky"],"blocksy_meta":[],"_links":{"self":[{"href":"https:\/\/www.radiomais.ao\/index.php\/wp-json\/wp\/v2\/posts\/2329","targetHints":{"allow":["GET"]}}],"collection":[{"href":"https:\/\/www.radiomais.ao\/index.php\/wp-json\/wp\/v2\/posts"}],"about":[{"href":"https:\/\/www.radiomais.ao\/index.php\/wp-json\/wp\/v2\/types\/post"}],"author":[{"embeddable":true,"href":"https:\/\/www.radiomais.ao\/index.php\/wp-json\/wp\/v2\/users\/3"}],"replies":[{"embeddable":true,"href":"https:\/\/www.radiomais.ao\/index.php\/wp-json\/wp\/v2\/comments?post=2329"}],"version-history":[{"count":1,"href":"https:\/\/www.radiomais.ao\/index.php\/wp-json\/wp\/v2\/posts\/2329\/revisions"}],"predecessor-version":[{"id":2331,"href":"https:\/\/www.radiomais.ao\/index.php\/wp-json\/wp\/v2\/posts\/2329\/revisions\/2331"}],"wp:featuredmedia":[{"embeddable":true,"href":"https:\/\/www.radiomais.ao\/index.php\/wp-json\/wp\/v2\/media\/2330"}],"wp:attachment":[{"href":"https:\/\/www.radiomais.ao\/index.php\/wp-json\/wp\/v2\/media?parent=2329"}],"wp:term":[{"taxonomy":"category","embeddable":true,"href":"https:\/\/www.radiomais.ao\/index.php\/wp-json\/wp\/v2\/categories?post=2329"},{"taxonomy":"post_tag","embeddable":true,"href":"https:\/\/www.radiomais.ao\/index.php\/wp-json\/wp\/v2\/tags?post=2329"}],"curies":[{"name":"wp","href":"https:\/\/api.w.org\/{rel}","templated":true}]}}