{"id":2332,"date":"2025-09-25T11:24:41","date_gmt":"2025-09-25T10:24:41","guid":{"rendered":"https:\/\/www.radiomais.ao\/?p=2332"},"modified":"2025-09-25T11:24:41","modified_gmt":"2025-09-25T10:24:41","slug":"ministros-da-cplp-concertam-posicoes-em-nova-iorque-a-margem-da-assembleia-geral-da-onu","status":"publish","type":"post","link":"https:\/\/www.radiomais.ao\/index.php\/2025\/09\/25\/ministros-da-cplp-concertam-posicoes-em-nova-iorque-a-margem-da-assembleia-geral-da-onu\/","title":{"rendered":"Ministros da CPLP concertam posi\u00e7\u00f5es em Nova Iorque \u00e0 margem da Assembleia Geral da ONU."},"content":{"rendered":"\n<p>O ministro das Rela\u00e7\u00f5es Exteriores,T\u00e9te Ant\u00f3nio, participou, nesta quarta-feira, em Nova Iorque, numa reuni\u00e3o informal da Comunidade dos Pa\u00edses de L\u00edngua Portuguesa (CPLP), com o objectivo de concertar posi\u00e7\u00f5es diplom\u00e1ticas e discutir temas estrat\u00e9gicos comuns. Fonte <strong><em><a href=\"https:\/\/www.opais.ao\/politica\/ministros-da-cplp-concertam-posicoes-em-nova-iorque-a-margem-da-assembleia-geral-da-onu\/\">Opa\u00eds<\/a><\/em><\/strong><\/p>\n","protected":false},"excerpt":{"rendered":"<p>O ministro das Rela\u00e7\u00f5es Exteriores,T\u00e9te Ant\u00f3nio, participou, nesta quarta-feira, em Nova Iorque, numa reuni\u00e3o informal da Comunidade dos Pa\u00edses de L\u00edngua Portuguesa (CPLP), com o objectivo de concertar posi\u00e7\u00f5es diplom\u00e1ticas e discutir temas estrat\u00e9gicos comuns. Fonte Opa\u00eds<\/p>\n","protected":false},"author":3,"featured_media":2333,"comment_status":"open","ping_status":"open","sticky":false,"template":"","format":"standard","meta":{"footnotes":""},"categories":[16],"tags":[719,720,666],"class_list":["post-2332","post","type-post","status-publish","format-standard","has-post-thumbnail","hentry","category-actualidade","tag-cplp","tag-nova-iorque","tag-onu"],"blocksy_meta":[],"_links":{"self":[{"href":"https:\/\/www.radiomais.ao\/index.php\/wp-json\/wp\/v2\/posts\/2332","targetHints":{"allow":["GET"]}}],"collection":[{"href":"https:\/\/www.radiomais.ao\/index.php\/wp-json\/wp\/v2\/posts"}],"about":[{"href":"https:\/\/www.radiomais.ao\/index.php\/wp-json\/wp\/v2\/types\/post"}],"author":[{"embeddable":true,"href":"https:\/\/www.radiomais.ao\/index.php\/wp-json\/wp\/v2\/users\/3"}],"replies":[{"embeddable":true,"href":"https:\/\/www.radiomais.ao\/index.php\/wp-json\/wp\/v2\/comments?post=2332"}],"version-history":[{"count":1,"href":"https:\/\/www.radiomais.ao\/index.php\/wp-json\/wp\/v2\/posts\/2332\/revisions"}],"predecessor-version":[{"id":2334,"href":"https:\/\/www.radiomais.ao\/index.php\/wp-json\/wp\/v2\/posts\/2332\/revisions\/2334"}],"wp:featuredmedia":[{"embeddable":true,"href":"https:\/\/www.radiomais.ao\/index.php\/wp-json\/wp\/v2\/media\/2333"}],"wp:attachment":[{"href":"https:\/\/www.radiomais.ao\/index.php\/wp-json\/wp\/v2\/media?parent=2332"}],"wp:term":[{"taxonomy":"category","embeddable":true,"href":"https:\/\/www.radiomais.ao\/index.php\/wp-json\/wp\/v2\/categories?post=2332"},{"taxonomy":"post_tag","embeddable":true,"href":"https:\/\/www.radiomais.ao\/index.php\/wp-json\/wp\/v2\/tags?post=2332"}],"curies":[{"name":"wp","href":"https:\/\/api.w.org\/{rel}","templated":true}]}}