{"id":2338,"date":"2025-09-25T11:39:10","date_gmt":"2025-09-25T10:39:10","guid":{"rendered":"https:\/\/www.radiomais.ao\/?p=2338"},"modified":"2025-09-25T11:39:10","modified_gmt":"2025-09-25T10:39:10","slug":"exploracao-ilegal-de-madeira-no-moxico-leste-leva-onze-acusados-a-cela","status":"publish","type":"post","link":"https:\/\/www.radiomais.ao\/index.php\/2025\/09\/25\/exploracao-ilegal-de-madeira-no-moxico-leste-leva-onze-acusados-a-cela\/","title":{"rendered":"Explora\u00e7\u00e3o ilegal de madeira no Moxico Leste leva onze acusados \u00e0 cela."},"content":{"rendered":"\n<p>Onze pessoas foram detidas, recentemente, em flagrante delito, pelo Servi\u00e7o de Investiga\u00e7\u00e3o Criminal (SIC), por estarem implicadas no crime de explora\u00e7\u00e3o il\u00edcita de madeira.<strong><em><a href=\"https:\/\/www.opais.ao\/sociedade\/exploracao-ilegal-de-madeira-no-moxico-leste-leva-onze-acusados-a-cela\/\"> Fonte Opa\u00eds<\/a><\/em><\/strong><\/p>\n\n\n\n<p><\/p>\n","protected":false},"excerpt":{"rendered":"<p>Onze pessoas foram detidas, recentemente, em flagrante delito, pelo Servi\u00e7o de Investiga\u00e7\u00e3o Criminal (SIC), por estarem implicadas no crime de explora\u00e7\u00e3o il\u00edcita de madeira. Fonte Opa\u00eds<\/p>\n","protected":false},"author":3,"featured_media":2339,"comment_status":"open","ping_status":"open","sticky":false,"template":"","format":"standard","meta":{"footnotes":""},"categories":[16],"tags":[723,725,724],"class_list":["post-2338","post","type-post","status-publish","format-standard","has-post-thumbnail","hentry","category-actualidade","tag-exploracao-ilegal","tag-leste","tag-madeira"],"blocksy_meta":[],"_links":{"self":[{"href":"https:\/\/www.radiomais.ao\/index.php\/wp-json\/wp\/v2\/posts\/2338","targetHints":{"allow":["GET"]}}],"collection":[{"href":"https:\/\/www.radiomais.ao\/index.php\/wp-json\/wp\/v2\/posts"}],"about":[{"href":"https:\/\/www.radiomais.ao\/index.php\/wp-json\/wp\/v2\/types\/post"}],"author":[{"embeddable":true,"href":"https:\/\/www.radiomais.ao\/index.php\/wp-json\/wp\/v2\/users\/3"}],"replies":[{"embeddable":true,"href":"https:\/\/www.radiomais.ao\/index.php\/wp-json\/wp\/v2\/comments?post=2338"}],"version-history":[{"count":1,"href":"https:\/\/www.radiomais.ao\/index.php\/wp-json\/wp\/v2\/posts\/2338\/revisions"}],"predecessor-version":[{"id":2340,"href":"https:\/\/www.radiomais.ao\/index.php\/wp-json\/wp\/v2\/posts\/2338\/revisions\/2340"}],"wp:featuredmedia":[{"embeddable":true,"href":"https:\/\/www.radiomais.ao\/index.php\/wp-json\/wp\/v2\/media\/2339"}],"wp:attachment":[{"href":"https:\/\/www.radiomais.ao\/index.php\/wp-json\/wp\/v2\/media?parent=2338"}],"wp:term":[{"taxonomy":"category","embeddable":true,"href":"https:\/\/www.radiomais.ao\/index.php\/wp-json\/wp\/v2\/categories?post=2338"},{"taxonomy":"post_tag","embeddable":true,"href":"https:\/\/www.radiomais.ao\/index.php\/wp-json\/wp\/v2\/tags?post=2338"}],"curies":[{"name":"wp","href":"https:\/\/api.w.org\/{rel}","templated":true}]}}