{"id":2347,"date":"2025-09-25T12:08:29","date_gmt":"2025-09-25T11:08:29","guid":{"rendered":"https:\/\/www.radiomais.ao\/?p=2347"},"modified":"2025-09-25T12:08:29","modified_gmt":"2025-09-25T11:08:29","slug":"idf-emite-licencas-para-caca-controlada-na-huila","status":"publish","type":"post","link":"https:\/\/www.radiomais.ao\/index.php\/2025\/09\/25\/idf-emite-licencas-para-caca-controlada-na-huila\/","title":{"rendered":"IDF emite licen\u00e7as para ca\u00e7a controlada na Hu\u00edla."},"content":{"rendered":"\n<p><strong>O Instituto de Desenvolvimento florestal (IDF) autorizou a duas fazendas da prov\u00edncia da Hu\u00edla a pr\u00e1tica da ca\u00e7a controlada, no quadro da implementa\u00e7\u00e3o do Decreto Presidencial n.\u00ba 222\/24, de 25 de Outubro<\/strong>. Fonte <strong><em><a href=\"https:\/\/www.opais.ao\/sociedade\/idf-emite-licencas-para-caca-controlada-na-huila\/\">Opa\u00eds<\/a><\/em><\/strong><\/p>\n","protected":false},"excerpt":{"rendered":"<p>O Instituto de Desenvolvimento florestal (IDF) autorizou a duas fazendas da prov\u00edncia da Hu\u00edla a pr\u00e1tica da ca\u00e7a controlada, no quadro da implementa\u00e7\u00e3o do Decreto Presidencial n.\u00ba 222\/24, de 25 de Outubro. Fonte Opa\u00eds<\/p>\n","protected":false},"author":3,"featured_media":2348,"comment_status":"open","ping_status":"open","sticky":false,"template":"","format":"standard","meta":{"footnotes":""},"categories":[16],"tags":[730,731,142],"class_list":["post-2347","post","type-post","status-publish","format-standard","has-post-thumbnail","hentry","category-actualidade","tag-caca-ilegal","tag-descontrol","tag-huila"],"blocksy_meta":[],"_links":{"self":[{"href":"https:\/\/www.radiomais.ao\/index.php\/wp-json\/wp\/v2\/posts\/2347","targetHints":{"allow":["GET"]}}],"collection":[{"href":"https:\/\/www.radiomais.ao\/index.php\/wp-json\/wp\/v2\/posts"}],"about":[{"href":"https:\/\/www.radiomais.ao\/index.php\/wp-json\/wp\/v2\/types\/post"}],"author":[{"embeddable":true,"href":"https:\/\/www.radiomais.ao\/index.php\/wp-json\/wp\/v2\/users\/3"}],"replies":[{"embeddable":true,"href":"https:\/\/www.radiomais.ao\/index.php\/wp-json\/wp\/v2\/comments?post=2347"}],"version-history":[{"count":1,"href":"https:\/\/www.radiomais.ao\/index.php\/wp-json\/wp\/v2\/posts\/2347\/revisions"}],"predecessor-version":[{"id":2349,"href":"https:\/\/www.radiomais.ao\/index.php\/wp-json\/wp\/v2\/posts\/2347\/revisions\/2349"}],"wp:featuredmedia":[{"embeddable":true,"href":"https:\/\/www.radiomais.ao\/index.php\/wp-json\/wp\/v2\/media\/2348"}],"wp:attachment":[{"href":"https:\/\/www.radiomais.ao\/index.php\/wp-json\/wp\/v2\/media?parent=2347"}],"wp:term":[{"taxonomy":"category","embeddable":true,"href":"https:\/\/www.radiomais.ao\/index.php\/wp-json\/wp\/v2\/categories?post=2347"},{"taxonomy":"post_tag","embeddable":true,"href":"https:\/\/www.radiomais.ao\/index.php\/wp-json\/wp\/v2\/tags?post=2347"}],"curies":[{"name":"wp","href":"https:\/\/api.w.org\/{rel}","templated":true}]}}