{"id":2350,"date":"2025-09-25T12:12:05","date_gmt":"2025-09-25T11:12:05","guid":{"rendered":"https:\/\/www.radiomais.ao\/?p=2350"},"modified":"2025-09-25T12:12:05","modified_gmt":"2025-09-25T11:12:05","slug":"zaire-notifica-135-casos-de-sarampo-em-oito-meses","status":"publish","type":"post","link":"https:\/\/www.radiomais.ao\/index.php\/2025\/09\/25\/zaire-notifica-135-casos-de-sarampo-em-oito-meses\/","title":{"rendered":"Zaire notifica 135 casos de sarampo em oito meses."},"content":{"rendered":"\n<p><strong>Cento e trinta e cinco casos de sarampo foram notificados de Janeiro a Agosto deste ano pelas autoridades sanit\u00e1rias na prov\u00edncia do Zaire<\/strong>. Fonte <strong><em><a href=\"https:\/\/www.opais.ao\/sociedade\/zaire-notifica-135-casos-de-sarampo-em-oito-meses\/\">Opa\u00eds<\/a><\/em><\/strong><\/p>\n\n\n\n<p><\/p>\n","protected":false},"excerpt":{"rendered":"<p>Cento e trinta e cinco casos de sarampo foram notificados de Janeiro a Agosto deste ano pelas autoridades sanit\u00e1rias na prov\u00edncia do Zaire. Fonte Opa\u00eds<\/p>\n","protected":false},"author":3,"featured_media":2351,"comment_status":"open","ping_status":"open","sticky":false,"template":"","format":"standard","meta":{"footnotes":""},"categories":[1],"tags":[732,105,540],"class_list":["post-2350","post","type-post","status-publish","format-standard","has-post-thumbnail","hentry","category-uncategorized","tag-135-casos","tag-sarampo","tag-zaire"],"blocksy_meta":[],"_links":{"self":[{"href":"https:\/\/www.radiomais.ao\/index.php\/wp-json\/wp\/v2\/posts\/2350","targetHints":{"allow":["GET"]}}],"collection":[{"href":"https:\/\/www.radiomais.ao\/index.php\/wp-json\/wp\/v2\/posts"}],"about":[{"href":"https:\/\/www.radiomais.ao\/index.php\/wp-json\/wp\/v2\/types\/post"}],"author":[{"embeddable":true,"href":"https:\/\/www.radiomais.ao\/index.php\/wp-json\/wp\/v2\/users\/3"}],"replies":[{"embeddable":true,"href":"https:\/\/www.radiomais.ao\/index.php\/wp-json\/wp\/v2\/comments?post=2350"}],"version-history":[{"count":1,"href":"https:\/\/www.radiomais.ao\/index.php\/wp-json\/wp\/v2\/posts\/2350\/revisions"}],"predecessor-version":[{"id":2352,"href":"https:\/\/www.radiomais.ao\/index.php\/wp-json\/wp\/v2\/posts\/2350\/revisions\/2352"}],"wp:featuredmedia":[{"embeddable":true,"href":"https:\/\/www.radiomais.ao\/index.php\/wp-json\/wp\/v2\/media\/2351"}],"wp:attachment":[{"href":"https:\/\/www.radiomais.ao\/index.php\/wp-json\/wp\/v2\/media?parent=2350"}],"wp:term":[{"taxonomy":"category","embeddable":true,"href":"https:\/\/www.radiomais.ao\/index.php\/wp-json\/wp\/v2\/categories?post=2350"},{"taxonomy":"post_tag","embeddable":true,"href":"https:\/\/www.radiomais.ao\/index.php\/wp-json\/wp\/v2\/tags?post=2350"}],"curies":[{"name":"wp","href":"https:\/\/api.w.org\/{rel}","templated":true}]}}