{"id":2353,"date":"2025-09-25T12:17:44","date_gmt":"2025-09-25T11:17:44","guid":{"rendered":"https:\/\/www.radiomais.ao\/?p=2353"},"modified":"2025-09-25T12:17:44","modified_gmt":"2025-09-25T11:17:44","slug":"desabamento-de-parede-de-residencia-provoca-morte-a-duas-criancas-em-benguela","status":"publish","type":"post","link":"https:\/\/www.radiomais.ao\/index.php\/2025\/09\/25\/desabamento-de-parede-de-residencia-provoca-morte-a-duas-criancas-em-benguela\/","title":{"rendered":"Desabamento de parede de resid\u00eancia provoca morte a duas crian\u00e7as em Benguela."},"content":{"rendered":"\n<p><strong>Duas crian\u00e7as, de 3 e 9 anos de idade, perderam a vida na ter\u00e7a-feira, 23, no munic\u00edpio do Lobito, em Benguela, em consequ\u00eancia do desabamento de uma parede de resid\u00eancia \u2013 revelou o porta-voz do Comando Provincial dos servi\u00e7os de Protec\u00e7\u00e3o Civil e Bombeiros, Valdemiro Manuel, em declara\u00e7\u00f5es exclusivas a este jornal, momento aproveitado para proceder ao balan\u00e7o das ocorr\u00eancias nas \u00faltimas 24 horas<\/strong>. Fonte <strong><em><a href=\"https:\/\/www.opais.ao\/sociedade\/desabamento-de-parede-de-residencia-provoca-morte-a-duas-criancas-em-benguela\/\">Opa\u00eds<\/a><\/em><\/strong><\/p>\n","protected":false},"excerpt":{"rendered":"<p>Duas crian\u00e7as, de 3 e 9 anos de idade, perderam a vida na ter\u00e7a-feira, 23, no munic\u00edpio do Lobito, em Benguela, em consequ\u00eancia do desabamento de uma parede de resid\u00eancia \u2013 revelou o porta-voz do Comando Provincial dos servi\u00e7os de Protec\u00e7\u00e3o Civil e Bombeiros, Valdemiro Manuel, em declara\u00e7\u00f5es exclusivas a este jornal, momento aproveitado para [&hellip;]<\/p>\n","protected":false},"author":3,"featured_media":2354,"comment_status":"open","ping_status":"open","sticky":false,"template":"","format":"standard","meta":{"footnotes":""},"categories":[16],"tags":[733,735,734],"class_list":["post-2353","post","type-post","status-publish","format-standard","has-post-thumbnail","hentry","category-actualidade","tag-desabamento-de-parede","tag-em-benguela","tag-mata-criancas"],"blocksy_meta":[],"_links":{"self":[{"href":"https:\/\/www.radiomais.ao\/index.php\/wp-json\/wp\/v2\/posts\/2353","targetHints":{"allow":["GET"]}}],"collection":[{"href":"https:\/\/www.radiomais.ao\/index.php\/wp-json\/wp\/v2\/posts"}],"about":[{"href":"https:\/\/www.radiomais.ao\/index.php\/wp-json\/wp\/v2\/types\/post"}],"author":[{"embeddable":true,"href":"https:\/\/www.radiomais.ao\/index.php\/wp-json\/wp\/v2\/users\/3"}],"replies":[{"embeddable":true,"href":"https:\/\/www.radiomais.ao\/index.php\/wp-json\/wp\/v2\/comments?post=2353"}],"version-history":[{"count":1,"href":"https:\/\/www.radiomais.ao\/index.php\/wp-json\/wp\/v2\/posts\/2353\/revisions"}],"predecessor-version":[{"id":2355,"href":"https:\/\/www.radiomais.ao\/index.php\/wp-json\/wp\/v2\/posts\/2353\/revisions\/2355"}],"wp:featuredmedia":[{"embeddable":true,"href":"https:\/\/www.radiomais.ao\/index.php\/wp-json\/wp\/v2\/media\/2354"}],"wp:attachment":[{"href":"https:\/\/www.radiomais.ao\/index.php\/wp-json\/wp\/v2\/media?parent=2353"}],"wp:term":[{"taxonomy":"category","embeddable":true,"href":"https:\/\/www.radiomais.ao\/index.php\/wp-json\/wp\/v2\/categories?post=2353"},{"taxonomy":"post_tag","embeddable":true,"href":"https:\/\/www.radiomais.ao\/index.php\/wp-json\/wp\/v2\/tags?post=2353"}],"curies":[{"name":"wp","href":"https:\/\/api.w.org\/{rel}","templated":true}]}}