{"id":2356,"date":"2025-09-25T12:21:37","date_gmt":"2025-09-25T11:21:37","guid":{"rendered":"https:\/\/www.radiomais.ao\/?p=2356"},"modified":"2025-09-25T12:21:37","modified_gmt":"2025-09-25T11:21:37","slug":"monologo-silencio-sagrado-da-voz-as-vitimas-do-abuso-sexual","status":"publish","type":"post","link":"https:\/\/www.radiomais.ao\/index.php\/2025\/09\/25\/monologo-silencio-sagrado-da-voz-as-vitimas-do-abuso-sexual\/","title":{"rendered":"Mon\u00f3logo \u201cSil\u00eancio Sagrado\u201d d\u00e1 voz \u00e0s v\u00edtimas do abuso sexual."},"content":{"rendered":"\n<p><strong>O Pal\u00e1cio de ferro recebe nesta sexta-feira, 26, a partir das 19 horas, a estreia da pe\u00e7a de teatro \u201csil\u00eancio sagrado\u201d, um mon\u00f3logo que de nuncia o abuso sexual em contextos familiares, escolares e religiosos<\/strong>. Fonte <strong><em><a href=\"https:\/\/www.opais.ao\/cultura\/monologo-silencio-sagrado-da-voz-as-vitimas-do-abuso-sexual\/\">Opa\u00eds<\/a><\/em><\/strong><\/p>\n\n\n\n<p><\/p>\n","protected":false},"excerpt":{"rendered":"<p>O Pal\u00e1cio de ferro recebe nesta sexta-feira, 26, a partir das 19 horas, a estreia da pe\u00e7a de teatro \u201csil\u00eancio sagrado\u201d, um mon\u00f3logo que de nuncia o abuso sexual em contextos familiares, escolares e religiosos. Fonte Opa\u00eds<\/p>\n","protected":false},"author":3,"featured_media":2357,"comment_status":"open","ping_status":"open","sticky":false,"template":"","format":"standard","meta":{"footnotes":""},"categories":[16],"tags":[296,736],"class_list":["post-2356","post","type-post","status-publish","format-standard","has-post-thumbnail","hentry","category-actualidade","tag-cultura","tag-monologo-sagrado"],"blocksy_meta":[],"_links":{"self":[{"href":"https:\/\/www.radiomais.ao\/index.php\/wp-json\/wp\/v2\/posts\/2356","targetHints":{"allow":["GET"]}}],"collection":[{"href":"https:\/\/www.radiomais.ao\/index.php\/wp-json\/wp\/v2\/posts"}],"about":[{"href":"https:\/\/www.radiomais.ao\/index.php\/wp-json\/wp\/v2\/types\/post"}],"author":[{"embeddable":true,"href":"https:\/\/www.radiomais.ao\/index.php\/wp-json\/wp\/v2\/users\/3"}],"replies":[{"embeddable":true,"href":"https:\/\/www.radiomais.ao\/index.php\/wp-json\/wp\/v2\/comments?post=2356"}],"version-history":[{"count":1,"href":"https:\/\/www.radiomais.ao\/index.php\/wp-json\/wp\/v2\/posts\/2356\/revisions"}],"predecessor-version":[{"id":2358,"href":"https:\/\/www.radiomais.ao\/index.php\/wp-json\/wp\/v2\/posts\/2356\/revisions\/2358"}],"wp:featuredmedia":[{"embeddable":true,"href":"https:\/\/www.radiomais.ao\/index.php\/wp-json\/wp\/v2\/media\/2357"}],"wp:attachment":[{"href":"https:\/\/www.radiomais.ao\/index.php\/wp-json\/wp\/v2\/media?parent=2356"}],"wp:term":[{"taxonomy":"category","embeddable":true,"href":"https:\/\/www.radiomais.ao\/index.php\/wp-json\/wp\/v2\/categories?post=2356"},{"taxonomy":"post_tag","embeddable":true,"href":"https:\/\/www.radiomais.ao\/index.php\/wp-json\/wp\/v2\/tags?post=2356"}],"curies":[{"name":"wp","href":"https:\/\/api.w.org\/{rel}","templated":true}]}}