{"id":2359,"date":"2025-09-25T12:26:44","date_gmt":"2025-09-25T11:26:44","guid":{"rendered":"https:\/\/www.radiomais.ao\/?p=2359"},"modified":"2025-09-25T12:26:44","modified_gmt":"2025-09-25T11:26:44","slug":"minjud-consternado-pela-morte-de-constancia-pedro-vieira-dias-tomas-tatacha","status":"publish","type":"post","link":"https:\/\/www.radiomais.ao\/index.php\/2025\/09\/25\/minjud-consternado-pela-morte-de-constancia-pedro-vieira-dias-tomas-tatacha\/","title":{"rendered":"MINJUD consternado pela morte de Const\u00e2ncia Pedro Vieira Dias Tom\u00e1s \u201cTatacha\u201d."},"content":{"rendered":"\n<p>O Minist\u00e9rio da Juventude e Desportos (MINUUD), por via de uma nota assinada pelo titular da pasta, Rui Lu\u00eds Fal c\u00e3o Pinto de Andrade, fez saber que foi com profunda dor que o recebeu a not\u00edcia do falecimento de Const\u00e2ncia Pedro Vieira Dias Tom\u00e1s \u201cTatacha\u201d, ocorrido no dia 18 deste m\u00eas, em Portugal. Fonte <strong><em><a href=\"https:\/\/www.opais.ao\/desporto\/minjud-consternado-pela-morte-de-constancia-pedro-vieira-dias-tomas-tatacha\/\">Opa\u00eds<\/a><\/em><\/strong><\/p>\n","protected":false},"excerpt":{"rendered":"<p>O Minist\u00e9rio da Juventude e Desportos (MINUUD), por via de uma nota assinada pelo titular da pasta, Rui Lu\u00eds Fal c\u00e3o Pinto de Andrade, fez saber que foi com profunda dor que o recebeu a not\u00edcia do falecimento de Const\u00e2ncia Pedro Vieira Dias Tom\u00e1s \u201cTatacha\u201d, ocorrido no dia 18 deste m\u00eas, em Portugal. Fonte Opa\u00eds<\/p>\n","protected":false},"author":3,"featured_media":2360,"comment_status":"open","ping_status":"open","sticky":false,"template":"","format":"standard","meta":{"footnotes":""},"categories":[16],"tags":[737,739,169,738],"class_list":["post-2359","post","type-post","status-publish","format-standard","has-post-thumbnail","hentry","category-actualidade","tag-constancia-pedro-vieira","tag-minjud","tag-morte","tag-tatacha"],"blocksy_meta":[],"_links":{"self":[{"href":"https:\/\/www.radiomais.ao\/index.php\/wp-json\/wp\/v2\/posts\/2359","targetHints":{"allow":["GET"]}}],"collection":[{"href":"https:\/\/www.radiomais.ao\/index.php\/wp-json\/wp\/v2\/posts"}],"about":[{"href":"https:\/\/www.radiomais.ao\/index.php\/wp-json\/wp\/v2\/types\/post"}],"author":[{"embeddable":true,"href":"https:\/\/www.radiomais.ao\/index.php\/wp-json\/wp\/v2\/users\/3"}],"replies":[{"embeddable":true,"href":"https:\/\/www.radiomais.ao\/index.php\/wp-json\/wp\/v2\/comments?post=2359"}],"version-history":[{"count":1,"href":"https:\/\/www.radiomais.ao\/index.php\/wp-json\/wp\/v2\/posts\/2359\/revisions"}],"predecessor-version":[{"id":2361,"href":"https:\/\/www.radiomais.ao\/index.php\/wp-json\/wp\/v2\/posts\/2359\/revisions\/2361"}],"wp:featuredmedia":[{"embeddable":true,"href":"https:\/\/www.radiomais.ao\/index.php\/wp-json\/wp\/v2\/media\/2360"}],"wp:attachment":[{"href":"https:\/\/www.radiomais.ao\/index.php\/wp-json\/wp\/v2\/media?parent=2359"}],"wp:term":[{"taxonomy":"category","embeddable":true,"href":"https:\/\/www.radiomais.ao\/index.php\/wp-json\/wp\/v2\/categories?post=2359"},{"taxonomy":"post_tag","embeddable":true,"href":"https:\/\/www.radiomais.ao\/index.php\/wp-json\/wp\/v2\/tags?post=2359"}],"curies":[{"name":"wp","href":"https:\/\/api.w.org\/{rel}","templated":true}]}}