{"id":2362,"date":"2025-09-25T14:12:40","date_gmt":"2025-09-25T13:12:40","guid":{"rendered":"https:\/\/www.radiomais.ao\/?p=2362"},"modified":"2025-09-25T14:12:40","modified_gmt":"2025-09-25T13:12:40","slug":"participacao-de-angola-na-de-beers-trara-reafirmacao-de-nacoes-africanas-no-mercado-diamantifero","status":"publish","type":"post","link":"https:\/\/www.radiomais.ao\/index.php\/2025\/09\/25\/participacao-de-angola-na-de-beers-trara-reafirmacao-de-nacoes-africanas-no-mercado-diamantifero\/","title":{"rendered":"\u201cParticipa\u00e7\u00e3o de Angola na De Beers trar\u00e1 reafirma\u00e7\u00e3o de na\u00e7\u00f5es africanas no mercado diamant\u00edfero\u201d."},"content":{"rendered":"\n<p><strong>O economista Di\u00f3genes Lenga enaltece a decis\u00e3o de Angola em comprar uma participa\u00e7\u00e3o minorit\u00e1ria estrat\u00e9gica numa das maiores empresas diamant\u00edferas do mundo, a De Beers, considerando ser importante para a ind\u00fastria diamant\u00edfera nacional e africana<\/strong>. Fonte <strong><em><a href=\"https:\/\/www.opais.ao\/economia\/participacao-de-angola-na-de-beers-trara-reafirmacao-de-nacoes-africanas-no-mercado-diamantifero\/\">Opa\u00eds<\/a><\/em><\/strong><\/p>\n","protected":false},"excerpt":{"rendered":"<p>O economista Di\u00f3genes Lenga enaltece a decis\u00e3o de Angola em comprar uma participa\u00e7\u00e3o minorit\u00e1ria estrat\u00e9gica numa das maiores empresas diamant\u00edferas do mundo, a De Beers, considerando ser importante para a ind\u00fastria diamant\u00edfera nacional e africana. Fonte Opa\u00eds<\/p>\n","protected":false},"author":3,"featured_media":2363,"comment_status":"open","ping_status":"open","sticky":false,"template":"","format":"standard","meta":{"footnotes":""},"categories":[16],"tags":[740,741,742],"class_list":["post-2362","post","type-post","status-publish","format-standard","has-post-thumbnail","hentry","category-actualidade","tag-de-beers","tag-endiama","tag-participacao-angolana"],"blocksy_meta":[],"_links":{"self":[{"href":"https:\/\/www.radiomais.ao\/index.php\/wp-json\/wp\/v2\/posts\/2362","targetHints":{"allow":["GET"]}}],"collection":[{"href":"https:\/\/www.radiomais.ao\/index.php\/wp-json\/wp\/v2\/posts"}],"about":[{"href":"https:\/\/www.radiomais.ao\/index.php\/wp-json\/wp\/v2\/types\/post"}],"author":[{"embeddable":true,"href":"https:\/\/www.radiomais.ao\/index.php\/wp-json\/wp\/v2\/users\/3"}],"replies":[{"embeddable":true,"href":"https:\/\/www.radiomais.ao\/index.php\/wp-json\/wp\/v2\/comments?post=2362"}],"version-history":[{"count":1,"href":"https:\/\/www.radiomais.ao\/index.php\/wp-json\/wp\/v2\/posts\/2362\/revisions"}],"predecessor-version":[{"id":2364,"href":"https:\/\/www.radiomais.ao\/index.php\/wp-json\/wp\/v2\/posts\/2362\/revisions\/2364"}],"wp:featuredmedia":[{"embeddable":true,"href":"https:\/\/www.radiomais.ao\/index.php\/wp-json\/wp\/v2\/media\/2363"}],"wp:attachment":[{"href":"https:\/\/www.radiomais.ao\/index.php\/wp-json\/wp\/v2\/media?parent=2362"}],"wp:term":[{"taxonomy":"category","embeddable":true,"href":"https:\/\/www.radiomais.ao\/index.php\/wp-json\/wp\/v2\/categories?post=2362"},{"taxonomy":"post_tag","embeddable":true,"href":"https:\/\/www.radiomais.ao\/index.php\/wp-json\/wp\/v2\/tags?post=2362"}],"curies":[{"name":"wp","href":"https:\/\/api.w.org\/{rel}","templated":true}]}}