{"id":2373,"date":"2025-09-29T12:05:35","date_gmt":"2025-09-29T11:05:35","guid":{"rendered":"https:\/\/www.radiomais.ao\/?p=2373"},"modified":"2025-09-29T12:05:35","modified_gmt":"2025-09-29T11:05:35","slug":"mais-de-600-cidadaos-serao-condecorados-hoje-e-amanha-pelos-feitos-ao-pais","status":"publish","type":"post","link":"https:\/\/www.radiomais.ao\/index.php\/2025\/09\/29\/mais-de-600-cidadaos-serao-condecorados-hoje-e-amanha-pelos-feitos-ao-pais\/","title":{"rendered":"Mais de 600 cidad\u00e3os ser\u00e3o condecorados hoje e amanh\u00e3 pelos feitos ao pa\u00eds."},"content":{"rendered":"\n<p><strong>O evento, a decorrer em Luanda, vai juntar diferentes figuras da arena pol\u00edtica, cultural, econ\u00f3mica, membros da sociedade civil e do executivo no hotel intercontinental que v\u00e3o testemunhar a distin\u00e7\u00e3o de v\u00e1rios cidad\u00e3os nas classes Paz e desenvolvimento e independ\u00eancia<\/strong>. Fonte <strong><em><a href=\"https:\/\/www.opais.ao\/politica\/mais-de-600-cidadaos-serao-condecorados-hoje-e-amanha-pelos-feitos-ao-pais\/\">Opa\u00eds<\/a><\/em><\/strong><\/p>\n","protected":false},"excerpt":{"rendered":"<p>O evento, a decorrer em Luanda, vai juntar diferentes figuras da arena pol\u00edtica, cultural, econ\u00f3mica, membros da sociedade civil e do executivo no hotel intercontinental que v\u00e3o testemunhar a distin\u00e7\u00e3o de v\u00e1rios cidad\u00e3os nas classes Paz e desenvolvimento e independ\u00eancia. Fonte Opa\u00eds<\/p>\n","protected":false},"author":3,"featured_media":2374,"comment_status":"open","ping_status":"open","sticky":false,"template":"","format":"standard","meta":{"footnotes":""},"categories":[1],"tags":[534,22,132],"class_list":["post-2373","post","type-post","status-publish","format-standard","has-post-thumbnail","hentry","category-uncategorized","tag-condecoracao","tag-destaque","tag-pr"],"blocksy_meta":[],"_links":{"self":[{"href":"https:\/\/www.radiomais.ao\/index.php\/wp-json\/wp\/v2\/posts\/2373","targetHints":{"allow":["GET"]}}],"collection":[{"href":"https:\/\/www.radiomais.ao\/index.php\/wp-json\/wp\/v2\/posts"}],"about":[{"href":"https:\/\/www.radiomais.ao\/index.php\/wp-json\/wp\/v2\/types\/post"}],"author":[{"embeddable":true,"href":"https:\/\/www.radiomais.ao\/index.php\/wp-json\/wp\/v2\/users\/3"}],"replies":[{"embeddable":true,"href":"https:\/\/www.radiomais.ao\/index.php\/wp-json\/wp\/v2\/comments?post=2373"}],"version-history":[{"count":1,"href":"https:\/\/www.radiomais.ao\/index.php\/wp-json\/wp\/v2\/posts\/2373\/revisions"}],"predecessor-version":[{"id":2375,"href":"https:\/\/www.radiomais.ao\/index.php\/wp-json\/wp\/v2\/posts\/2373\/revisions\/2375"}],"wp:featuredmedia":[{"embeddable":true,"href":"https:\/\/www.radiomais.ao\/index.php\/wp-json\/wp\/v2\/media\/2374"}],"wp:attachment":[{"href":"https:\/\/www.radiomais.ao\/index.php\/wp-json\/wp\/v2\/media?parent=2373"}],"wp:term":[{"taxonomy":"category","embeddable":true,"href":"https:\/\/www.radiomais.ao\/index.php\/wp-json\/wp\/v2\/categories?post=2373"},{"taxonomy":"post_tag","embeddable":true,"href":"https:\/\/www.radiomais.ao\/index.php\/wp-json\/wp\/v2\/tags?post=2373"}],"curies":[{"name":"wp","href":"https:\/\/api.w.org\/{rel}","templated":true}]}}