{"id":2381,"date":"2025-09-29T12:20:54","date_gmt":"2025-09-29T11:20:54","guid":{"rendered":"https:\/\/www.radiomais.ao\/?p=2381"},"modified":"2025-09-29T12:20:54","modified_gmt":"2025-09-29T11:20:54","slug":"forum-de-negocios-e-conectividade-expoe-potencial-turistico-e-urbano-do-resort-mawete-e-da-fazenda-mrc","status":"publish","type":"post","link":"https:\/\/www.radiomais.ao\/index.php\/2025\/09\/29\/forum-de-negocios-e-conectividade-expoe-potencial-turistico-e-urbano-do-resort-mawete-e-da-fazenda-mrc\/","title":{"rendered":"F\u00f3rum de neg\u00f3cios e conectividade exp\u00f5e potencial tur\u00edstico e urbano do Resort Mawete e da Fazenda MRC."},"content":{"rendered":"\n<p><strong>A 5\u00aa edi\u00e7\u00e3o do F\u00f3rum de Neg\u00f3cios e conectividade, que terminou no \u00faltimo s\u00e1bado, 27, trouxe \u00e0 luz o potencial tur\u00edsti- co e urbano da prov\u00edncia do U\u00edge, com especial destaque para a Fazenda MRC e o Resort Mawete<\/strong>. Fonte o <strong><em><a href=\"https:\/\/www.opais.ao\/economia\/forum-de-negocios-e-conectividade-expoe-potencial-turistico-e-urbano-do-resort-mawete-e-da-fazenda-mrc\/\">pa\u00eds<\/a><\/em><\/strong><\/p>\n","protected":false},"excerpt":{"rendered":"<p>A 5\u00aa edi\u00e7\u00e3o do F\u00f3rum de Neg\u00f3cios e conectividade, que terminou no \u00faltimo s\u00e1bado, 27, trouxe \u00e0 luz o potencial tur\u00edsti- co e urbano da prov\u00edncia do U\u00edge, com especial destaque para a Fazenda MRC e o Resort Mawete. Fonte o pa\u00eds<\/p>\n","protected":false},"author":3,"featured_media":2382,"comment_status":"open","ping_status":"open","sticky":false,"template":"","format":"standard","meta":{"footnotes":""},"categories":[16],"tags":[746,745],"class_list":["post-2381","post","type-post","status-publish","format-standard","has-post-thumbnail","hentry","category-actualidade","tag-fazensa-mawetw","tag-forum-de-negocios-e-conectividade"],"blocksy_meta":[],"_links":{"self":[{"href":"https:\/\/www.radiomais.ao\/index.php\/wp-json\/wp\/v2\/posts\/2381","targetHints":{"allow":["GET"]}}],"collection":[{"href":"https:\/\/www.radiomais.ao\/index.php\/wp-json\/wp\/v2\/posts"}],"about":[{"href":"https:\/\/www.radiomais.ao\/index.php\/wp-json\/wp\/v2\/types\/post"}],"author":[{"embeddable":true,"href":"https:\/\/www.radiomais.ao\/index.php\/wp-json\/wp\/v2\/users\/3"}],"replies":[{"embeddable":true,"href":"https:\/\/www.radiomais.ao\/index.php\/wp-json\/wp\/v2\/comments?post=2381"}],"version-history":[{"count":1,"href":"https:\/\/www.radiomais.ao\/index.php\/wp-json\/wp\/v2\/posts\/2381\/revisions"}],"predecessor-version":[{"id":2383,"href":"https:\/\/www.radiomais.ao\/index.php\/wp-json\/wp\/v2\/posts\/2381\/revisions\/2383"}],"wp:featuredmedia":[{"embeddable":true,"href":"https:\/\/www.radiomais.ao\/index.php\/wp-json\/wp\/v2\/media\/2382"}],"wp:attachment":[{"href":"https:\/\/www.radiomais.ao\/index.php\/wp-json\/wp\/v2\/media?parent=2381"}],"wp:term":[{"taxonomy":"category","embeddable":true,"href":"https:\/\/www.radiomais.ao\/index.php\/wp-json\/wp\/v2\/categories?post=2381"},{"taxonomy":"post_tag","embeddable":true,"href":"https:\/\/www.radiomais.ao\/index.php\/wp-json\/wp\/v2\/tags?post=2381"}],"curies":[{"name":"wp","href":"https:\/\/api.w.org\/{rel}","templated":true}]}}