{"id":2384,"date":"2025-09-29T12:25:17","date_gmt":"2025-09-29T11:25:17","guid":{"rendered":"https:\/\/www.radiomais.ao\/?p=2384"},"modified":"2025-09-29T12:25:17","modified_gmt":"2025-09-29T11:25:17","slug":"empresarios-chineses-preveem-investir-150-milhoes-de-dolares-na-implementacao-de-50-fabricas-em-angola","status":"publish","type":"post","link":"https:\/\/www.radiomais.ao\/index.php\/2025\/09\/29\/empresarios-chineses-preveem-investir-150-milhoes-de-dolares-na-implementacao-de-50-fabricas-em-angola\/","title":{"rendered":"Empres\u00e1rios chineses prev\u00eaem investir 150 milh\u00f5es de d\u00f3lares na implementa\u00e7\u00e3o de 50 f\u00e1bricas em Angola."},"content":{"rendered":"\n<p><strong>Cerca de 150 milh\u00f5es de d\u00f3lares v\u00e3o ser investidos na constru\u00e7\u00e3o de um total de 50 f\u00e1bricas de produ\u00e7\u00e3o de cabos el\u00e9ctricos, ind\u00fastria t\u00eaxtil e na implementa\u00e7\u00e3o de p\u00f3los industriais na prov\u00edncia do icolo e Bengo, e em outros investimentos ligados \u00e0 agricultura, nos proximos tempos. \u00c9 uma iniciativa de grupos empresariais chineses e a c\u00e2mara de com\u00e9rcio Angola-china (CAC)<\/strong>. Fonte <strong><em><a href=\"https:\/\/www.opais.ao\/economia\/empresarios-chineses-preveem-investir-150-milhoes-de-dolares-na-implementacao-de-50-fabricas-em-angola\/\">Opa\u00eds<\/a><\/em><\/strong><\/p>\n","protected":false},"excerpt":{"rendered":"<p>Cerca de 150 milh\u00f5es de d\u00f3lares v\u00e3o ser investidos na constru\u00e7\u00e3o de um total de 50 f\u00e1bricas de produ\u00e7\u00e3o de cabos el\u00e9ctricos, ind\u00fastria t\u00eaxtil e na implementa\u00e7\u00e3o de p\u00f3los industriais na prov\u00edncia do icolo e Bengo, e em outros investimentos ligados \u00e0 agricultura, nos proximos tempos. \u00c9 uma iniciativa de grupos empresariais chineses e a [&hellip;]<\/p>\n","protected":false},"author":3,"featured_media":2385,"comment_status":"open","ping_status":"open","sticky":false,"template":"","format":"standard","meta":{"footnotes":""},"categories":[16],"tags":[747,749,748],"class_list":["post-2384","post","type-post","status-publish","format-standard","has-post-thumbnail","hentry","category-actualidade","tag-empresarios-chineses","tag-fabricas","tag-investem-150-milhoes-de-dolares"],"blocksy_meta":[],"_links":{"self":[{"href":"https:\/\/www.radiomais.ao\/index.php\/wp-json\/wp\/v2\/posts\/2384","targetHints":{"allow":["GET"]}}],"collection":[{"href":"https:\/\/www.radiomais.ao\/index.php\/wp-json\/wp\/v2\/posts"}],"about":[{"href":"https:\/\/www.radiomais.ao\/index.php\/wp-json\/wp\/v2\/types\/post"}],"author":[{"embeddable":true,"href":"https:\/\/www.radiomais.ao\/index.php\/wp-json\/wp\/v2\/users\/3"}],"replies":[{"embeddable":true,"href":"https:\/\/www.radiomais.ao\/index.php\/wp-json\/wp\/v2\/comments?post=2384"}],"version-history":[{"count":1,"href":"https:\/\/www.radiomais.ao\/index.php\/wp-json\/wp\/v2\/posts\/2384\/revisions"}],"predecessor-version":[{"id":2386,"href":"https:\/\/www.radiomais.ao\/index.php\/wp-json\/wp\/v2\/posts\/2384\/revisions\/2386"}],"wp:featuredmedia":[{"embeddable":true,"href":"https:\/\/www.radiomais.ao\/index.php\/wp-json\/wp\/v2\/media\/2385"}],"wp:attachment":[{"href":"https:\/\/www.radiomais.ao\/index.php\/wp-json\/wp\/v2\/media?parent=2384"}],"wp:term":[{"taxonomy":"category","embeddable":true,"href":"https:\/\/www.radiomais.ao\/index.php\/wp-json\/wp\/v2\/categories?post=2384"},{"taxonomy":"post_tag","embeddable":true,"href":"https:\/\/www.radiomais.ao\/index.php\/wp-json\/wp\/v2\/tags?post=2384"}],"curies":[{"name":"wp","href":"https:\/\/api.w.org\/{rel}","templated":true}]}}