{"id":2387,"date":"2025-09-29T12:29:21","date_gmt":"2025-09-29T11:29:21","guid":{"rendered":"https:\/\/www.radiomais.ao\/?p=2387"},"modified":"2025-09-29T12:29:21","modified_gmt":"2025-09-29T11:29:21","slug":"gpl-inicia-hoje-remocao-de-paineis-publicitarios-em-situacao-irregular","status":"publish","type":"post","link":"https:\/\/www.radiomais.ao\/index.php\/2025\/09\/29\/gpl-inicia-hoje-remocao-de-paineis-publicitarios-em-situacao-irregular\/","title":{"rendered":"\u200eGPL inicia hoje remo\u00e7\u00e3o de pain\u00e9is publicit\u00e1rios em situa\u00e7\u00e3o irregular."},"content":{"rendered":"\n<p>\u200eO governo da prov\u00edncia de Luanda vai dar in\u00edcio, a partir desta segunda-feira, 29, ao processo de remo\u00e7\u00e3o de pain\u00e9is outdoors, pertencentes \u00e0 empresas de publicidade, que est\u00e3o em situa\u00e7\u00e3o de irregularidade com o governo local, no \u00e2mbito do processo de ordenamento e organiza\u00e7\u00e3o da publicidade exterior na prov\u00edncia. Fonte <strong><em><a href=\"https:\/\/www.opais.ao\/sociedade\/gpl-inicia-hoje-remocao-de-paineis-publicitarios-em-situacao-irregular\/\">Opa\u00eds<\/a><\/em><\/strong><\/p>\n","protected":false},"excerpt":{"rendered":"<p>\u200eO governo da prov\u00edncia de Luanda vai dar in\u00edcio, a partir desta segunda-feira, 29, ao processo de remo\u00e7\u00e3o de pain\u00e9is outdoors, pertencentes \u00e0 empresas de publicidade, que est\u00e3o em situa\u00e7\u00e3o de irregularidade com o governo local, no \u00e2mbito do processo de ordenamento e organiza\u00e7\u00e3o da publicidade exterior na prov\u00edncia. Fonte Opa\u00eds<\/p>\n","protected":false},"author":3,"featured_media":2388,"comment_status":"open","ping_status":"open","sticky":false,"template":"","format":"standard","meta":{"footnotes":""},"categories":[16],"tags":[750,290,751],"class_list":["post-2387","post","type-post","status-publish","format-standard","has-post-thumbnail","hentry","category-actualidade","tag-autodoor","tag-gpl","tag-ilegais"],"blocksy_meta":[],"_links":{"self":[{"href":"https:\/\/www.radiomais.ao\/index.php\/wp-json\/wp\/v2\/posts\/2387","targetHints":{"allow":["GET"]}}],"collection":[{"href":"https:\/\/www.radiomais.ao\/index.php\/wp-json\/wp\/v2\/posts"}],"about":[{"href":"https:\/\/www.radiomais.ao\/index.php\/wp-json\/wp\/v2\/types\/post"}],"author":[{"embeddable":true,"href":"https:\/\/www.radiomais.ao\/index.php\/wp-json\/wp\/v2\/users\/3"}],"replies":[{"embeddable":true,"href":"https:\/\/www.radiomais.ao\/index.php\/wp-json\/wp\/v2\/comments?post=2387"}],"version-history":[{"count":1,"href":"https:\/\/www.radiomais.ao\/index.php\/wp-json\/wp\/v2\/posts\/2387\/revisions"}],"predecessor-version":[{"id":2389,"href":"https:\/\/www.radiomais.ao\/index.php\/wp-json\/wp\/v2\/posts\/2387\/revisions\/2389"}],"wp:featuredmedia":[{"embeddable":true,"href":"https:\/\/www.radiomais.ao\/index.php\/wp-json\/wp\/v2\/media\/2388"}],"wp:attachment":[{"href":"https:\/\/www.radiomais.ao\/index.php\/wp-json\/wp\/v2\/media?parent=2387"}],"wp:term":[{"taxonomy":"category","embeddable":true,"href":"https:\/\/www.radiomais.ao\/index.php\/wp-json\/wp\/v2\/categories?post=2387"},{"taxonomy":"post_tag","embeddable":true,"href":"https:\/\/www.radiomais.ao\/index.php\/wp-json\/wp\/v2\/tags?post=2387"}],"curies":[{"name":"wp","href":"https:\/\/api.w.org\/{rel}","templated":true}]}}