{"id":2390,"date":"2025-09-29T12:32:58","date_gmt":"2025-09-29T11:32:58","guid":{"rendered":"https:\/\/www.radiomais.ao\/?p=2390"},"modified":"2025-09-29T12:32:58","modified_gmt":"2025-09-29T11:32:58","slug":"veiculo-ligeiro-embate-contra-pesado-e-faz-dez-mortos-em-malanje","status":"publish","type":"post","link":"https:\/\/www.radiomais.ao\/index.php\/2025\/09\/29\/veiculo-ligeiro-embate-contra-pesado-e-faz-dez-mortos-em-malanje\/","title":{"rendered":"Ve\u00edculo ligeiro embate contra pesado e faz dez mortos em Malanje\u200e."},"content":{"rendered":"\n<p>\u200eUm ve\u00edculo ligeiro de passageiros da marca Toyota, modelo Avanza, cor branca e com a chapa de matr\u00edcula LD-47-17-DR, embateu contra o trailer de um cami\u00e3o que se encontrava estacionado devido a uma avaria mec\u00e2nica, neste domingo, 28, resultando na morte dos dez passageiros que se encontravam a bordo do ve\u00edculo ligeiro. Fonte <strong><em><a href=\"https:\/\/www.opais.ao\/sociedade\/veiculo-ligeiro-embate-contra-pesado-e-faz-dez-mortos-em-malanje\/\">Opa\u00eds<\/a><\/em><\/strong><\/p>\n","protected":false},"excerpt":{"rendered":"<p>\u200eUm ve\u00edculo ligeiro de passageiros da marca Toyota, modelo Avanza, cor branca e com a chapa de matr\u00edcula LD-47-17-DR, embateu contra o trailer de um cami\u00e3o que se encontrava estacionado devido a uma avaria mec\u00e2nica, neste domingo, 28, resultando na morte dos dez passageiros que se encontravam a bordo do ve\u00edculo ligeiro. Fonte Opa\u00eds<\/p>\n","protected":false},"author":3,"featured_media":2391,"comment_status":"open","ping_status":"open","sticky":false,"template":"","format":"standard","meta":{"footnotes":""},"categories":[16],"tags":[752,363,221],"class_list":["post-2390","post","type-post","status-publish","format-standard","has-post-thumbnail","hentry","category-actualidade","tag-10-mortes","tag-acidente","tag-malanje"],"blocksy_meta":[],"_links":{"self":[{"href":"https:\/\/www.radiomais.ao\/index.php\/wp-json\/wp\/v2\/posts\/2390","targetHints":{"allow":["GET"]}}],"collection":[{"href":"https:\/\/www.radiomais.ao\/index.php\/wp-json\/wp\/v2\/posts"}],"about":[{"href":"https:\/\/www.radiomais.ao\/index.php\/wp-json\/wp\/v2\/types\/post"}],"author":[{"embeddable":true,"href":"https:\/\/www.radiomais.ao\/index.php\/wp-json\/wp\/v2\/users\/3"}],"replies":[{"embeddable":true,"href":"https:\/\/www.radiomais.ao\/index.php\/wp-json\/wp\/v2\/comments?post=2390"}],"version-history":[{"count":1,"href":"https:\/\/www.radiomais.ao\/index.php\/wp-json\/wp\/v2\/posts\/2390\/revisions"}],"predecessor-version":[{"id":2392,"href":"https:\/\/www.radiomais.ao\/index.php\/wp-json\/wp\/v2\/posts\/2390\/revisions\/2392"}],"wp:featuredmedia":[{"embeddable":true,"href":"https:\/\/www.radiomais.ao\/index.php\/wp-json\/wp\/v2\/media\/2391"}],"wp:attachment":[{"href":"https:\/\/www.radiomais.ao\/index.php\/wp-json\/wp\/v2\/media?parent=2390"}],"wp:term":[{"taxonomy":"category","embeddable":true,"href":"https:\/\/www.radiomais.ao\/index.php\/wp-json\/wp\/v2\/categories?post=2390"},{"taxonomy":"post_tag","embeddable":true,"href":"https:\/\/www.radiomais.ao\/index.php\/wp-json\/wp\/v2\/tags?post=2390"}],"curies":[{"name":"wp","href":"https:\/\/api.w.org\/{rel}","templated":true}]}}