{"id":2393,"date":"2025-09-29T12:38:58","date_gmt":"2025-09-29T11:38:58","guid":{"rendered":"https:\/\/www.radiomais.ao\/?p=2393"},"modified":"2025-09-29T12:38:58","modified_gmt":"2025-09-29T11:38:58","slug":"caso-salinas-chineses-e-vietnamitas-denunciam-detencoes-arbitrarias-e-perseguicoes","status":"publish","type":"post","link":"https:\/\/www.radiomais.ao\/index.php\/2025\/09\/29\/caso-salinas-chineses-e-vietnamitas-denunciam-detencoes-arbitrarias-e-perseguicoes\/","title":{"rendered":"Caso salinas: chineses e vietnamitas denunciam deten\u00e7\u00f5es arbitr\u00e1rias e persegui\u00e7\u00f5es."},"content":{"rendered":"\n<p><strong>Alguns produtores de sal, no chamume, na Ba\u00eda-Farta, entre chineses e vietnamitas, dizem estar a ser alvos de pris\u00f5es arbitr\u00e1rias e encerramento de suas empresas \u00e0 margem das normas. Acusam o servi\u00e7o de investiga\u00e7\u00e3o criminal de adentrar nas suas instala\u00e7\u00f5es desprovido de mandados de buscas e deten\u00e7\u00e3o. o sic Admite ter havido deten\u00e7\u00f5es, por\u00e9m descarta arbitrariedade<\/strong>. Fonte<strong><em><a href=\"https:\/\/www.opais.ao\/sociedade\/caso-salinas-chineses-e-vietnamitas-denunciam-detencoes-arbitrarias-e-perseguicoes\/\"> Opa\u00eds<\/a><\/em><\/strong><\/p>\n","protected":false},"excerpt":{"rendered":"<p>Alguns produtores de sal, no chamume, na Ba\u00eda-Farta, entre chineses e vietnamitas, dizem estar a ser alvos de pris\u00f5es arbitr\u00e1rias e encerramento de suas empresas \u00e0 margem das normas. Acusam o servi\u00e7o de investiga\u00e7\u00e3o criminal de adentrar nas suas instala\u00e7\u00f5es desprovido de mandados de buscas e deten\u00e7\u00e3o. o sic Admite ter havido deten\u00e7\u00f5es, por\u00e9m descarta [&hellip;]<\/p>\n","protected":false},"author":3,"featured_media":2394,"comment_status":"open","ping_status":"open","sticky":false,"template":"","format":"standard","meta":{"footnotes":""},"categories":[16],"tags":[754,753,523,755],"class_list":["post-2393","post","type-post","status-publish","format-standard","has-post-thumbnail","hentry","category-actualidade","tag-chineses","tag-detencoes","tag-salinas","tag-vietnamitas"],"blocksy_meta":[],"_links":{"self":[{"href":"https:\/\/www.radiomais.ao\/index.php\/wp-json\/wp\/v2\/posts\/2393","targetHints":{"allow":["GET"]}}],"collection":[{"href":"https:\/\/www.radiomais.ao\/index.php\/wp-json\/wp\/v2\/posts"}],"about":[{"href":"https:\/\/www.radiomais.ao\/index.php\/wp-json\/wp\/v2\/types\/post"}],"author":[{"embeddable":true,"href":"https:\/\/www.radiomais.ao\/index.php\/wp-json\/wp\/v2\/users\/3"}],"replies":[{"embeddable":true,"href":"https:\/\/www.radiomais.ao\/index.php\/wp-json\/wp\/v2\/comments?post=2393"}],"version-history":[{"count":1,"href":"https:\/\/www.radiomais.ao\/index.php\/wp-json\/wp\/v2\/posts\/2393\/revisions"}],"predecessor-version":[{"id":2395,"href":"https:\/\/www.radiomais.ao\/index.php\/wp-json\/wp\/v2\/posts\/2393\/revisions\/2395"}],"wp:featuredmedia":[{"embeddable":true,"href":"https:\/\/www.radiomais.ao\/index.php\/wp-json\/wp\/v2\/media\/2394"}],"wp:attachment":[{"href":"https:\/\/www.radiomais.ao\/index.php\/wp-json\/wp\/v2\/media?parent=2393"}],"wp:term":[{"taxonomy":"category","embeddable":true,"href":"https:\/\/www.radiomais.ao\/index.php\/wp-json\/wp\/v2\/categories?post=2393"},{"taxonomy":"post_tag","embeddable":true,"href":"https:\/\/www.radiomais.ao\/index.php\/wp-json\/wp\/v2\/tags?post=2393"}],"curies":[{"name":"wp","href":"https:\/\/api.w.org\/{rel}","templated":true}]}}