{"id":2396,"date":"2025-09-29T12:42:22","date_gmt":"2025-09-29T11:42:22","guid":{"rendered":"https:\/\/www.radiomais.ao\/?p=2396"},"modified":"2025-09-29T12:42:22","modified_gmt":"2025-09-29T11:42:22","slug":"detido-falso-medico-apos-cirurgia-ilegal-que-resultou-em-morte-no-uige","status":"publish","type":"post","link":"https:\/\/www.radiomais.ao\/index.php\/2025\/09\/29\/detido-falso-medico-apos-cirurgia-ilegal-que-resultou-em-morte-no-uige\/","title":{"rendered":"Detido falso m\u00e9dico ap\u00f3s cirurgia ilegal que resultou em morte no U\u00edge."},"content":{"rendered":"\n<p>Um cidad\u00e3o nacional, de 40 anos de idade, foi detido, na semana finda, pelo Servi\u00e7o de Investiga\u00e7\u00e3o Criminal (SIC), no munic\u00edpio do Kimbele, prov\u00edncia do U\u00edge, suspeito de ter realizado uma cirurgia ilegal de apendicite que culminou na morte de um jovem de 26 anos. Fonte <strong><em><a href=\"https:\/\/www.opais.ao\/sociedade\/detido-falso-medico-apos-cirurgia-ilegal-que-resultou-em-morte-no-uige\/\">Opa\u00eds<\/a><\/em><\/strong><\/p>\n","protected":false},"excerpt":{"rendered":"<p>Um cidad\u00e3o nacional, de 40 anos de idade, foi detido, na semana finda, pelo Servi\u00e7o de Investiga\u00e7\u00e3o Criminal (SIC), no munic\u00edpio do Kimbele, prov\u00edncia do U\u00edge, suspeito de ter realizado uma cirurgia ilegal de apendicite que culminou na morte de um jovem de 26 anos. Fonte Opa\u00eds<\/p>\n","protected":false},"author":3,"featured_media":2397,"comment_status":"open","ping_status":"open","sticky":false,"template":"","format":"standard","meta":{"footnotes":""},"categories":[16],"tags":[546,756,319],"class_list":["post-2396","post","type-post","status-publish","format-standard","has-post-thumbnail","hentry","category-actualidade","tag-detido","tag-falso-medico","tag-no-uige"],"blocksy_meta":[],"_links":{"self":[{"href":"https:\/\/www.radiomais.ao\/index.php\/wp-json\/wp\/v2\/posts\/2396","targetHints":{"allow":["GET"]}}],"collection":[{"href":"https:\/\/www.radiomais.ao\/index.php\/wp-json\/wp\/v2\/posts"}],"about":[{"href":"https:\/\/www.radiomais.ao\/index.php\/wp-json\/wp\/v2\/types\/post"}],"author":[{"embeddable":true,"href":"https:\/\/www.radiomais.ao\/index.php\/wp-json\/wp\/v2\/users\/3"}],"replies":[{"embeddable":true,"href":"https:\/\/www.radiomais.ao\/index.php\/wp-json\/wp\/v2\/comments?post=2396"}],"version-history":[{"count":1,"href":"https:\/\/www.radiomais.ao\/index.php\/wp-json\/wp\/v2\/posts\/2396\/revisions"}],"predecessor-version":[{"id":2398,"href":"https:\/\/www.radiomais.ao\/index.php\/wp-json\/wp\/v2\/posts\/2396\/revisions\/2398"}],"wp:featuredmedia":[{"embeddable":true,"href":"https:\/\/www.radiomais.ao\/index.php\/wp-json\/wp\/v2\/media\/2397"}],"wp:attachment":[{"href":"https:\/\/www.radiomais.ao\/index.php\/wp-json\/wp\/v2\/media?parent=2396"}],"wp:term":[{"taxonomy":"category","embeddable":true,"href":"https:\/\/www.radiomais.ao\/index.php\/wp-json\/wp\/v2\/categories?post=2396"},{"taxonomy":"post_tag","embeddable":true,"href":"https:\/\/www.radiomais.ao\/index.php\/wp-json\/wp\/v2\/tags?post=2396"}],"curies":[{"name":"wp","href":"https:\/\/api.w.org\/{rel}","templated":true}]}}