{"id":2399,"date":"2025-09-29T14:34:45","date_gmt":"2025-09-29T13:34:45","guid":{"rendered":"https:\/\/www.radiomais.ao\/?p=2399"},"modified":"2025-09-29T14:34:45","modified_gmt":"2025-09-29T13:34:45","slug":"angola-assume-segundo-mandato-consecutivo-na-vice-presidencia-para-africa-austral-da-asea","status":"publish","type":"post","link":"https:\/\/www.radiomais.ao\/index.php\/2025\/09\/29\/angola-assume-segundo-mandato-consecutivo-na-vice-presidencia-para-africa-austral-da-asea\/","title":{"rendered":"Angola assume segundo mandato consecutivo na vice-presid\u00eancia para \u00c1frica Austral da ASEA."},"content":{"rendered":"\n<p>Angola vai assumir, pela segunda vez consecutiva, a vice-presid\u00eancia para \u00c1frica Austral da Associa\u00e7\u00e3o das Empresas de Energia de \u00c1frica (ASEA), facto que surge para reafirmar o compromisso do pa\u00eds em fortalecer a seguran\u00e7a e coopera\u00e7\u00e3o energ\u00e9tica em \u00c1frica, bem como a valoriza\u00e7\u00e3o do capital humano e a representatividade da comunidade lus\u00f3fona naquela organiza\u00e7\u00e3o. Fonte<strong><em><a href=\"https:\/\/www.opais.ao\/politica\/angola-assume-segundo-mandato-consecutivo-na-vice-presidencia-para-africa-austral-da-asea\/\"> Opa\u00eds<\/a><\/em><\/strong><\/p>\n","protected":false},"excerpt":{"rendered":"<p>Angola vai assumir, pela segunda vez consecutiva, a vice-presid\u00eancia para \u00c1frica Austral da Associa\u00e7\u00e3o das Empresas de Energia de \u00c1frica (ASEA), facto que surge para reafirmar o compromisso do pa\u00eds em fortalecer a seguran\u00e7a e coopera\u00e7\u00e3o energ\u00e9tica em \u00c1frica, bem como a valoriza\u00e7\u00e3o do capital humano e a representatividade da comunidade lus\u00f3fona naquela organiza\u00e7\u00e3o. Fonte [&hellip;]<\/p>\n","protected":false},"author":3,"featured_media":2400,"comment_status":"open","ping_status":"open","sticky":false,"template":"","format":"standard","meta":{"footnotes":""},"categories":[16],"tags":[758,75,757],"class_list":["post-2399","post","type-post","status-publish","format-standard","has-post-thumbnail","hentry","category-actualidade","tag-africa-autral","tag-angola","tag-mandato"],"blocksy_meta":[],"_links":{"self":[{"href":"https:\/\/www.radiomais.ao\/index.php\/wp-json\/wp\/v2\/posts\/2399","targetHints":{"allow":["GET"]}}],"collection":[{"href":"https:\/\/www.radiomais.ao\/index.php\/wp-json\/wp\/v2\/posts"}],"about":[{"href":"https:\/\/www.radiomais.ao\/index.php\/wp-json\/wp\/v2\/types\/post"}],"author":[{"embeddable":true,"href":"https:\/\/www.radiomais.ao\/index.php\/wp-json\/wp\/v2\/users\/3"}],"replies":[{"embeddable":true,"href":"https:\/\/www.radiomais.ao\/index.php\/wp-json\/wp\/v2\/comments?post=2399"}],"version-history":[{"count":1,"href":"https:\/\/www.radiomais.ao\/index.php\/wp-json\/wp\/v2\/posts\/2399\/revisions"}],"predecessor-version":[{"id":2401,"href":"https:\/\/www.radiomais.ao\/index.php\/wp-json\/wp\/v2\/posts\/2399\/revisions\/2401"}],"wp:featuredmedia":[{"embeddable":true,"href":"https:\/\/www.radiomais.ao\/index.php\/wp-json\/wp\/v2\/media\/2400"}],"wp:attachment":[{"href":"https:\/\/www.radiomais.ao\/index.php\/wp-json\/wp\/v2\/media?parent=2399"}],"wp:term":[{"taxonomy":"category","embeddable":true,"href":"https:\/\/www.radiomais.ao\/index.php\/wp-json\/wp\/v2\/categories?post=2399"},{"taxonomy":"post_tag","embeddable":true,"href":"https:\/\/www.radiomais.ao\/index.php\/wp-json\/wp\/v2\/tags?post=2399"}],"curies":[{"name":"wp","href":"https:\/\/api.w.org\/{rel}","templated":true}]}}