{"id":2403,"date":"2025-10-01T12:19:05","date_gmt":"2025-10-01T11:19:05","guid":{"rendered":"https:\/\/www.radiomais.ao\/?p=2403"},"modified":"2025-10-01T12:19:05","modified_gmt":"2025-10-01T11:19:05","slug":"iims-aponta-avancos-na-reducao-da-fertilidade-mas-persiste-defice-no-acesso-a-contraceptivos","status":"publish","type":"post","link":"https:\/\/www.radiomais.ao\/index.php\/2025\/10\/01\/iims-aponta-avancos-na-reducao-da-fertilidade-mas-persiste-defice-no-acesso-a-contraceptivos\/","title":{"rendered":"IIMS aponta avan\u00e7os na redu\u00e7\u00e3o da fertilidade mas persiste d\u00e9fice no acesso a contraceptivos"},"content":{"rendered":"\n<p><strong>Apesar da redu\u00e7\u00e3o significativa da taxa de fertilidade, que caiu de 6,9 filhos por mulher em 2015-2016 para 4,8, o pa\u00eds continua a enfrentar obst\u00e1culos no planeamento familiar<\/strong> . Fonte <strong><em><a href=\"https:\/\/www.opais.ao\/sociedade\/iims-aponta-avancos-na-reducao-da-fertilidade-mas-persiste-defice-no-acesso-a-contraceptivos\/\">Opa\u00eds<\/a><\/em><\/strong><\/p>\n\n\n\n<p><\/p>\n","protected":false},"excerpt":{"rendered":"<p>Apesar da redu\u00e7\u00e3o significativa da taxa de fertilidade, que caiu de 6,9 filhos por mulher em 2015-2016 para 4,8, o pa\u00eds continua a enfrentar obst\u00e1culos no planeamento familiar . Fonte Opa\u00eds<\/p>\n","protected":false},"author":3,"featured_media":2404,"comment_status":"open","ping_status":"open","sticky":false,"template":"","format":"standard","meta":{"footnotes":""},"categories":[1],"tags":[760,22,759],"class_list":["post-2403","post","type-post","status-publish","format-standard","has-post-thumbnail","hentry","category-uncategorized","tag-contraceptivos","tag-destaque","tag-fertilidade"],"blocksy_meta":[],"_links":{"self":[{"href":"https:\/\/www.radiomais.ao\/index.php\/wp-json\/wp\/v2\/posts\/2403","targetHints":{"allow":["GET"]}}],"collection":[{"href":"https:\/\/www.radiomais.ao\/index.php\/wp-json\/wp\/v2\/posts"}],"about":[{"href":"https:\/\/www.radiomais.ao\/index.php\/wp-json\/wp\/v2\/types\/post"}],"author":[{"embeddable":true,"href":"https:\/\/www.radiomais.ao\/index.php\/wp-json\/wp\/v2\/users\/3"}],"replies":[{"embeddable":true,"href":"https:\/\/www.radiomais.ao\/index.php\/wp-json\/wp\/v2\/comments?post=2403"}],"version-history":[{"count":1,"href":"https:\/\/www.radiomais.ao\/index.php\/wp-json\/wp\/v2\/posts\/2403\/revisions"}],"predecessor-version":[{"id":2405,"href":"https:\/\/www.radiomais.ao\/index.php\/wp-json\/wp\/v2\/posts\/2403\/revisions\/2405"}],"wp:featuredmedia":[{"embeddable":true,"href":"https:\/\/www.radiomais.ao\/index.php\/wp-json\/wp\/v2\/media\/2404"}],"wp:attachment":[{"href":"https:\/\/www.radiomais.ao\/index.php\/wp-json\/wp\/v2\/media?parent=2403"}],"wp:term":[{"taxonomy":"category","embeddable":true,"href":"https:\/\/www.radiomais.ao\/index.php\/wp-json\/wp\/v2\/categories?post=2403"},{"taxonomy":"post_tag","embeddable":true,"href":"https:\/\/www.radiomais.ao\/index.php\/wp-json\/wp\/v2\/tags?post=2403"}],"curies":[{"name":"wp","href":"https:\/\/api.w.org\/{rel}","templated":true}]}}