{"id":2406,"date":"2025-10-01T12:25:44","date_gmt":"2025-10-01T11:25:44","guid":{"rendered":"https:\/\/www.radiomais.ao\/?p=2406"},"modified":"2025-10-01T12:25:44","modified_gmt":"2025-10-01T11:25:44","slug":"pr-encerra-6-a-cerimonia-de-condecoracoes-com-distincoes-a-personalidades","status":"publish","type":"post","link":"https:\/\/www.radiomais.ao\/index.php\/2025\/10\/01\/pr-encerra-6-a-cerimonia-de-condecoracoes-com-distincoes-a-personalidades\/","title":{"rendered":"PR encerra 6.\u00aa cerim\u00f3nia de condecora\u00e7\u00f5es com distin\u00e7\u00f5es a personalidades."},"content":{"rendered":"\n<p>No total, foram homenageadas 759 personalidades de diferentes estratos sociais, durante dois dias de celebra\u00e7\u00e3o. Fonte <strong><em><a href=\"https:\/\/www.opais.ao\/politica\/presidente-da-republica-encerra-6-a-cerimonia-de-condecoracoes-com-distincoes-a-personalidades-de-diversos-segmentos-sociais\/\">Opa\u00eds<\/a><\/em><\/strong><\/p>\n\n\n\n<p><\/p>\n","protected":false},"excerpt":{"rendered":"<p>No total, foram homenageadas 759 personalidades de diferentes estratos sociais, durante dois dias de celebra\u00e7\u00e3o. Fonte Opa\u00eds<\/p>\n","protected":false},"author":3,"featured_media":2407,"comment_status":"open","ping_status":"open","sticky":false,"template":"","format":"standard","meta":{"footnotes":""},"categories":[16],"tags":[761,762],"class_list":["post-2406","post","type-post","status-publish","format-standard","has-post-thumbnail","hentry","category-actualidade","tag-6o-cerimonia-de-condecoracoes","tag-encerrada"],"blocksy_meta":[],"_links":{"self":[{"href":"https:\/\/www.radiomais.ao\/index.php\/wp-json\/wp\/v2\/posts\/2406","targetHints":{"allow":["GET"]}}],"collection":[{"href":"https:\/\/www.radiomais.ao\/index.php\/wp-json\/wp\/v2\/posts"}],"about":[{"href":"https:\/\/www.radiomais.ao\/index.php\/wp-json\/wp\/v2\/types\/post"}],"author":[{"embeddable":true,"href":"https:\/\/www.radiomais.ao\/index.php\/wp-json\/wp\/v2\/users\/3"}],"replies":[{"embeddable":true,"href":"https:\/\/www.radiomais.ao\/index.php\/wp-json\/wp\/v2\/comments?post=2406"}],"version-history":[{"count":1,"href":"https:\/\/www.radiomais.ao\/index.php\/wp-json\/wp\/v2\/posts\/2406\/revisions"}],"predecessor-version":[{"id":2408,"href":"https:\/\/www.radiomais.ao\/index.php\/wp-json\/wp\/v2\/posts\/2406\/revisions\/2408"}],"wp:featuredmedia":[{"embeddable":true,"href":"https:\/\/www.radiomais.ao\/index.php\/wp-json\/wp\/v2\/media\/2407"}],"wp:attachment":[{"href":"https:\/\/www.radiomais.ao\/index.php\/wp-json\/wp\/v2\/media?parent=2406"}],"wp:term":[{"taxonomy":"category","embeddable":true,"href":"https:\/\/www.radiomais.ao\/index.php\/wp-json\/wp\/v2\/categories?post=2406"},{"taxonomy":"post_tag","embeddable":true,"href":"https:\/\/www.radiomais.ao\/index.php\/wp-json\/wp\/v2\/tags?post=2406"}],"curies":[{"name":"wp","href":"https:\/\/api.w.org\/{rel}","templated":true}]}}