{"id":2409,"date":"2025-10-01T12:34:59","date_gmt":"2025-10-01T11:34:59","guid":{"rendered":"https:\/\/www.radiomais.ao\/?p=2409"},"modified":"2025-10-01T12:34:59","modified_gmt":"2025-10-01T11:34:59","slug":"conselho-de-seguranca-da-uniao-africana-aborda-situacao-na-regiao-do-sahel","status":"publish","type":"post","link":"https:\/\/www.radiomais.ao\/index.php\/2025\/10\/01\/conselho-de-seguranca-da-uniao-africana-aborda-situacao-na-regiao-do-sahel\/","title":{"rendered":"Conselho de Seguran\u00e7a da Uni\u00e3o Africana aborda situa\u00e7\u00e3o na regi\u00e3o do Sahel."},"content":{"rendered":"\n<p>Perante os ministros dos Neg\u00f3cios Estrangeiros dos Estados-Membros do Conselho de Paz e Seguran\u00e7a, o titular da pasta da diplomacia angolana fez saber que a regi\u00e3o do Sahel enfrenta actualmente uma crise multidimensional, aliada \u00e0 inseguran\u00e7a crescente, ao terrorismo transfronteiri\u00e7o e ao extremismo violento. Fonte <strong><em><a href=\"https:\/\/www.opais.ao\/politica\/conselho-de-seguranca-da-uniao-africana-aborda-situacao-na-regiao-do-sahel\/\">Opa\u00eds<\/a><\/em><\/strong><\/p>\n","protected":false},"excerpt":{"rendered":"<p>Perante os ministros dos Neg\u00f3cios Estrangeiros dos Estados-Membros do Conselho de Paz e Seguran\u00e7a, o titular da pasta da diplomacia angolana fez saber que a regi\u00e3o do Sahel enfrenta actualmente uma crise multidimensional, aliada \u00e0 inseguran\u00e7a crescente, ao terrorismo transfronteiri\u00e7o e ao extremismo violento. Fonte Opa\u00eds<\/p>\n","protected":false},"author":3,"featured_media":2411,"comment_status":"open","ping_status":"open","sticky":false,"template":"","format":"standard","meta":{"footnotes":""},"categories":[16],"tags":[763,764,765],"class_list":["post-2409","post","type-post","status-publish","format-standard","has-post-thumbnail","hentry","category-actualidade","tag-conselho-de-paz-s-seguranca","tag-ministro-das-relacoes-exteriores","tag-tete-antonio"],"blocksy_meta":[],"_links":{"self":[{"href":"https:\/\/www.radiomais.ao\/index.php\/wp-json\/wp\/v2\/posts\/2409","targetHints":{"allow":["GET"]}}],"collection":[{"href":"https:\/\/www.radiomais.ao\/index.php\/wp-json\/wp\/v2\/posts"}],"about":[{"href":"https:\/\/www.radiomais.ao\/index.php\/wp-json\/wp\/v2\/types\/post"}],"author":[{"embeddable":true,"href":"https:\/\/www.radiomais.ao\/index.php\/wp-json\/wp\/v2\/users\/3"}],"replies":[{"embeddable":true,"href":"https:\/\/www.radiomais.ao\/index.php\/wp-json\/wp\/v2\/comments?post=2409"}],"version-history":[{"count":1,"href":"https:\/\/www.radiomais.ao\/index.php\/wp-json\/wp\/v2\/posts\/2409\/revisions"}],"predecessor-version":[{"id":2412,"href":"https:\/\/www.radiomais.ao\/index.php\/wp-json\/wp\/v2\/posts\/2409\/revisions\/2412"}],"wp:featuredmedia":[{"embeddable":true,"href":"https:\/\/www.radiomais.ao\/index.php\/wp-json\/wp\/v2\/media\/2411"}],"wp:attachment":[{"href":"https:\/\/www.radiomais.ao\/index.php\/wp-json\/wp\/v2\/media?parent=2409"}],"wp:term":[{"taxonomy":"category","embeddable":true,"href":"https:\/\/www.radiomais.ao\/index.php\/wp-json\/wp\/v2\/categories?post=2409"},{"taxonomy":"post_tag","embeddable":true,"href":"https:\/\/www.radiomais.ao\/index.php\/wp-json\/wp\/v2\/tags?post=2409"}],"curies":[{"name":"wp","href":"https:\/\/api.w.org\/{rel}","templated":true}]}}