{"id":2416,"date":"2025-10-01T14:01:47","date_gmt":"2025-10-01T13:01:47","guid":{"rendered":"https:\/\/www.radiomais.ao\/?p=2416"},"modified":"2025-10-01T14:01:47","modified_gmt":"2025-10-01T13:01:47","slug":"detidos-oito-individuos-em-luanda-por-homicidio-de-motorista-da-yango","status":"publish","type":"post","link":"https:\/\/www.radiomais.ao\/index.php\/2025\/10\/01\/detidos-oito-individuos-em-luanda-por-homicidio-de-motorista-da-yango\/","title":{"rendered":"Detidos oito indiv\u00edduos em Luanda por homic\u00eddio de motorista da Yango."},"content":{"rendered":"\n<p>O Departamento de Investiga\u00e7\u00e3o de Il\u00edcitos Penais (DIIP) do Comando Provincial de Luanda deteve oito cidad\u00e3os acusados de integrar uma associa\u00e7\u00e3o criminosa que vinha actuando com viol\u00eancia contra motoristas de t\u00e1xi privado. Fonte<strong><em><a href=\"https:\/\/www.opais.ao\/sociedade\/detidos-oito-individuos-em-luanda-por-homicidio-de-motorista-da-yango\/\"> Opa\u00eds<\/a><\/em><\/strong><\/p>\n","protected":false},"excerpt":{"rendered":"<p>O Departamento de Investiga\u00e7\u00e3o de Il\u00edcitos Penais (DIIP) do Comando Provincial de Luanda deteve oito cidad\u00e3os acusados de integrar uma associa\u00e7\u00e3o criminosa que vinha actuando com viol\u00eancia contra motoristas de t\u00e1xi privado. Fonte Opa\u00eds<\/p>\n","protected":false},"author":3,"featured_media":2417,"comment_status":"open","ping_status":"open","sticky":false,"template":"","format":"standard","meta":{"footnotes":""},"categories":[16],"tags":[767,768],"class_list":["post-2416","post","type-post","status-publish","format-standard","has-post-thumbnail","hentry","category-actualidade","tag-motorista","tag-yango-assassinado"],"blocksy_meta":[],"_links":{"self":[{"href":"https:\/\/www.radiomais.ao\/index.php\/wp-json\/wp\/v2\/posts\/2416","targetHints":{"allow":["GET"]}}],"collection":[{"href":"https:\/\/www.radiomais.ao\/index.php\/wp-json\/wp\/v2\/posts"}],"about":[{"href":"https:\/\/www.radiomais.ao\/index.php\/wp-json\/wp\/v2\/types\/post"}],"author":[{"embeddable":true,"href":"https:\/\/www.radiomais.ao\/index.php\/wp-json\/wp\/v2\/users\/3"}],"replies":[{"embeddable":true,"href":"https:\/\/www.radiomais.ao\/index.php\/wp-json\/wp\/v2\/comments?post=2416"}],"version-history":[{"count":1,"href":"https:\/\/www.radiomais.ao\/index.php\/wp-json\/wp\/v2\/posts\/2416\/revisions"}],"predecessor-version":[{"id":2418,"href":"https:\/\/www.radiomais.ao\/index.php\/wp-json\/wp\/v2\/posts\/2416\/revisions\/2418"}],"wp:featuredmedia":[{"embeddable":true,"href":"https:\/\/www.radiomais.ao\/index.php\/wp-json\/wp\/v2\/media\/2417"}],"wp:attachment":[{"href":"https:\/\/www.radiomais.ao\/index.php\/wp-json\/wp\/v2\/media?parent=2416"}],"wp:term":[{"taxonomy":"category","embeddable":true,"href":"https:\/\/www.radiomais.ao\/index.php\/wp-json\/wp\/v2\/categories?post=2416"},{"taxonomy":"post_tag","embeddable":true,"href":"https:\/\/www.radiomais.ao\/index.php\/wp-json\/wp\/v2\/tags?post=2416"}],"curies":[{"name":"wp","href":"https:\/\/api.w.org\/{rel}","templated":true}]}}