{"id":2419,"date":"2025-10-01T14:04:45","date_gmt":"2025-10-01T13:04:45","guid":{"rendered":"https:\/\/www.radiomais.ao\/?p=2419"},"modified":"2025-10-01T14:04:45","modified_gmt":"2025-10-01T13:04:45","slug":"rdc-quer-reforcar-relacao-com-angola-no-ambito-da-saude","status":"publish","type":"post","link":"https:\/\/www.radiomais.ao\/index.php\/2025\/10\/01\/rdc-quer-reforcar-relacao-com-angola-no-ambito-da-saude\/","title":{"rendered":"RDC quer refor\u00e7ar rela\u00e7\u00e3o com Angola no \u00e2mbito da sa\u00fade."},"content":{"rendered":"\n<p><strong>A Rep\u00fablica Democr\u00e1tica do Congo (RDC), atrav\u00e9s da sua ordem dos m\u00e9dicos, procura refor\u00e7ar a rela\u00e7\u00e3o de irmandade com o pa\u00eds vizinho, Angola, no ramo da sa\u00fade. Esta rela\u00e7\u00e3o tende a melhorar gra\u00e7as \u00e0 estada, durante cinco dias, de Nsadi Berthier, presidente do Conselho Nacional da Ordem dos M\u00e9dicos da Rep\u00fablica Democr\u00e1tica do Congo (RDC) no territ\u00f3rio angolano<\/strong>. Fonte <strong><em><a href=\"https:\/\/www.opais.ao\/politica\/rdc-quer-reforcar-relacao-com-angola-no-ambito-da-saude\/\">Opa\u00eds<\/a><\/em><\/strong><\/p>\n","protected":false},"excerpt":{"rendered":"<p>A Rep\u00fablica Democr\u00e1tica do Congo (RDC), atrav\u00e9s da sua ordem dos m\u00e9dicos, procura refor\u00e7ar a rela\u00e7\u00e3o de irmandade com o pa\u00eds vizinho, Angola, no ramo da sa\u00fade. Esta rela\u00e7\u00e3o tende a melhorar gra\u00e7as \u00e0 estada, durante cinco dias, de Nsadi Berthier, presidente do Conselho Nacional da Ordem dos M\u00e9dicos da Rep\u00fablica Democr\u00e1tica do Congo (RDC) [&hellip;]<\/p>\n","protected":false},"author":3,"featured_media":2420,"comment_status":"open","ping_status":"open","sticky":false,"template":"","format":"standard","meta":{"footnotes":""},"categories":[16],"tags":[75,769,770,327],"class_list":["post-2419","post","type-post","status-publish","format-standard","has-post-thumbnail","hentry","category-actualidade","tag-angola","tag-rdc","tag-relacoes","tag-saude"],"blocksy_meta":[],"_links":{"self":[{"href":"https:\/\/www.radiomais.ao\/index.php\/wp-json\/wp\/v2\/posts\/2419","targetHints":{"allow":["GET"]}}],"collection":[{"href":"https:\/\/www.radiomais.ao\/index.php\/wp-json\/wp\/v2\/posts"}],"about":[{"href":"https:\/\/www.radiomais.ao\/index.php\/wp-json\/wp\/v2\/types\/post"}],"author":[{"embeddable":true,"href":"https:\/\/www.radiomais.ao\/index.php\/wp-json\/wp\/v2\/users\/3"}],"replies":[{"embeddable":true,"href":"https:\/\/www.radiomais.ao\/index.php\/wp-json\/wp\/v2\/comments?post=2419"}],"version-history":[{"count":1,"href":"https:\/\/www.radiomais.ao\/index.php\/wp-json\/wp\/v2\/posts\/2419\/revisions"}],"predecessor-version":[{"id":2421,"href":"https:\/\/www.radiomais.ao\/index.php\/wp-json\/wp\/v2\/posts\/2419\/revisions\/2421"}],"wp:featuredmedia":[{"embeddable":true,"href":"https:\/\/www.radiomais.ao\/index.php\/wp-json\/wp\/v2\/media\/2420"}],"wp:attachment":[{"href":"https:\/\/www.radiomais.ao\/index.php\/wp-json\/wp\/v2\/media?parent=2419"}],"wp:term":[{"taxonomy":"category","embeddable":true,"href":"https:\/\/www.radiomais.ao\/index.php\/wp-json\/wp\/v2\/categories?post=2419"},{"taxonomy":"post_tag","embeddable":true,"href":"https:\/\/www.radiomais.ao\/index.php\/wp-json\/wp\/v2\/tags?post=2419"}],"curies":[{"name":"wp","href":"https:\/\/api.w.org\/{rel}","templated":true}]}}