{"id":2428,"date":"2025-10-01T14:14:00","date_gmt":"2025-10-01T13:14:00","guid":{"rendered":"https:\/\/www.radiomais.ao\/?p=2428"},"modified":"2025-10-01T14:14:00","modified_gmt":"2025-10-01T13:14:00","slug":"bancos-centrais-da-cplp-unem-sinergias-para-mitigar-riscos-ciberneticos","status":"publish","type":"post","link":"https:\/\/www.radiomais.ao\/index.php\/2025\/10\/01\/bancos-centrais-da-cplp-unem-sinergias-para-mitigar-riscos-ciberneticos\/","title":{"rendered":"Bancos Centrais da CPLP unem sinergias para mitigar riscos cibern\u00e9ticos."},"content":{"rendered":"\n<p><strong>Os supervisores dos bancos centrais da Comunidade dos Pa\u00edses de L\u00edngua Portuguesa (CPLP) est\u00e3o reunidos em Luanda, desde ontem, para troca de experi\u00eancia e procura de mais aproxima\u00e7\u00e3o entre as institui\u00e7\u00f5es dos pa\u00edses membros, para unirem estrat\u00e9gias em termos de supervis\u00e3o banc\u00e1ria e de como se proteger dos ataques cibern\u00e9ticos que acontecem recorrentemente<\/strong>. Fonte <strong><em><a href=\"https:\/\/www.opais.ao\/economia\/bancos-centrais-da-cplp-unem-sinergias-para-mitigar-riscos-ciberneticos\/\">Opa\u00eds<\/a><\/em><\/strong><\/p>\n","protected":false},"excerpt":{"rendered":"<p>Os supervisores dos bancos centrais da Comunidade dos Pa\u00edses de L\u00edngua Portuguesa (CPLP) est\u00e3o reunidos em Luanda, desde ontem, para troca de experi\u00eancia e procura de mais aproxima\u00e7\u00e3o entre as institui\u00e7\u00f5es dos pa\u00edses membros, para unirem estrat\u00e9gias em termos de supervis\u00e3o banc\u00e1ria e de como se proteger dos ataques cibern\u00e9ticos que acontecem recorrentemente. Fonte Opa\u00eds<\/p>\n","protected":false},"author":3,"featured_media":2429,"comment_status":"open","ping_status":"open","sticky":false,"template":"","format":"standard","meta":{"footnotes":""},"categories":[16],"tags":[776,719,777],"class_list":["post-2428","post","type-post","status-publish","format-standard","has-post-thumbnail","hentry","category-actualidade","tag-bancos-centrais","tag-cplp","tag-uniao"],"blocksy_meta":[],"_links":{"self":[{"href":"https:\/\/www.radiomais.ao\/index.php\/wp-json\/wp\/v2\/posts\/2428","targetHints":{"allow":["GET"]}}],"collection":[{"href":"https:\/\/www.radiomais.ao\/index.php\/wp-json\/wp\/v2\/posts"}],"about":[{"href":"https:\/\/www.radiomais.ao\/index.php\/wp-json\/wp\/v2\/types\/post"}],"author":[{"embeddable":true,"href":"https:\/\/www.radiomais.ao\/index.php\/wp-json\/wp\/v2\/users\/3"}],"replies":[{"embeddable":true,"href":"https:\/\/www.radiomais.ao\/index.php\/wp-json\/wp\/v2\/comments?post=2428"}],"version-history":[{"count":1,"href":"https:\/\/www.radiomais.ao\/index.php\/wp-json\/wp\/v2\/posts\/2428\/revisions"}],"predecessor-version":[{"id":2430,"href":"https:\/\/www.radiomais.ao\/index.php\/wp-json\/wp\/v2\/posts\/2428\/revisions\/2430"}],"wp:featuredmedia":[{"embeddable":true,"href":"https:\/\/www.radiomais.ao\/index.php\/wp-json\/wp\/v2\/media\/2429"}],"wp:attachment":[{"href":"https:\/\/www.radiomais.ao\/index.php\/wp-json\/wp\/v2\/media?parent=2428"}],"wp:term":[{"taxonomy":"category","embeddable":true,"href":"https:\/\/www.radiomais.ao\/index.php\/wp-json\/wp\/v2\/categories?post=2428"},{"taxonomy":"post_tag","embeddable":true,"href":"https:\/\/www.radiomais.ao\/index.php\/wp-json\/wp\/v2\/tags?post=2428"}],"curies":[{"name":"wp","href":"https:\/\/api.w.org\/{rel}","templated":true}]}}