{"id":2431,"date":"2025-10-01T14:16:54","date_gmt":"2025-10-01T13:16:54","guid":{"rendered":"https:\/\/www.radiomais.ao\/?p=2431"},"modified":"2025-10-01T14:16:54","modified_gmt":"2025-10-01T13:16:54","slug":"camiao-contentorizado-em-benguela-esmaga-viatura-ligeira","status":"publish","type":"post","link":"https:\/\/www.radiomais.ao\/index.php\/2025\/10\/01\/camiao-contentorizado-em-benguela-esmaga-viatura-ligeira\/","title":{"rendered":"Cami\u00e3o contentorizado em Benguela esmaga viatura ligeira."},"content":{"rendered":"\n<p>Um cami\u00e3o que portava um contentor de vinte p\u00e9s caiu sobre um carro de Suzuki, modelo celerio, esmagando-o por completo, no princ\u00edpio do meio-dia desta quarta-feira, 01, em Benguela. A viatura encontrava-se estacionada, sendo que a propriet\u00e1ria saiu para ir a uma padaria. Fonte<strong><em><a href=\"https:\/\/www.opais.ao\/ultimas_hora\/camiao-contentorizado-em-benguela-esmaga-viatura-ligeira\/\"> Opa\u00eds<\/a><\/em><\/strong><\/p>\n","protected":false},"excerpt":{"rendered":"<p>Um cami\u00e3o que portava um contentor de vinte p\u00e9s caiu sobre um carro de Suzuki, modelo celerio, esmagando-o por completo, no princ\u00edpio do meio-dia desta quarta-feira, 01, em Benguela. A viatura encontrava-se estacionada, sendo que a propriet\u00e1ria saiu para ir a uma padaria. Fonte Opa\u00eds<\/p>\n","protected":false},"author":3,"featured_media":2432,"comment_status":"open","ping_status":"open","sticky":false,"template":"","format":"standard","meta":{"footnotes":""},"categories":[16],"tags":[363,95,779,778],"class_list":["post-2431","post","type-post","status-publish","format-standard","has-post-thumbnail","hentry","category-actualidade","tag-acidente","tag-benguela","tag-e-pesada","tag-viatura-ligeira"],"blocksy_meta":[],"_links":{"self":[{"href":"https:\/\/www.radiomais.ao\/index.php\/wp-json\/wp\/v2\/posts\/2431","targetHints":{"allow":["GET"]}}],"collection":[{"href":"https:\/\/www.radiomais.ao\/index.php\/wp-json\/wp\/v2\/posts"}],"about":[{"href":"https:\/\/www.radiomais.ao\/index.php\/wp-json\/wp\/v2\/types\/post"}],"author":[{"embeddable":true,"href":"https:\/\/www.radiomais.ao\/index.php\/wp-json\/wp\/v2\/users\/3"}],"replies":[{"embeddable":true,"href":"https:\/\/www.radiomais.ao\/index.php\/wp-json\/wp\/v2\/comments?post=2431"}],"version-history":[{"count":1,"href":"https:\/\/www.radiomais.ao\/index.php\/wp-json\/wp\/v2\/posts\/2431\/revisions"}],"predecessor-version":[{"id":2433,"href":"https:\/\/www.radiomais.ao\/index.php\/wp-json\/wp\/v2\/posts\/2431\/revisions\/2433"}],"wp:featuredmedia":[{"embeddable":true,"href":"https:\/\/www.radiomais.ao\/index.php\/wp-json\/wp\/v2\/media\/2432"}],"wp:attachment":[{"href":"https:\/\/www.radiomais.ao\/index.php\/wp-json\/wp\/v2\/media?parent=2431"}],"wp:term":[{"taxonomy":"category","embeddable":true,"href":"https:\/\/www.radiomais.ao\/index.php\/wp-json\/wp\/v2\/categories?post=2431"},{"taxonomy":"post_tag","embeddable":true,"href":"https:\/\/www.radiomais.ao\/index.php\/wp-json\/wp\/v2\/tags?post=2431"}],"curies":[{"name":"wp","href":"https:\/\/api.w.org\/{rel}","templated":true}]}}