{"id":2434,"date":"2025-10-01T14:19:32","date_gmt":"2025-10-01T13:19:32","guid":{"rendered":"https:\/\/www.radiomais.ao\/?p=2434"},"modified":"2025-10-01T14:19:32","modified_gmt":"2025-10-01T13:19:32","slug":"sme-enquadra-mais-de-700-efectivos-recem-admitidos","status":"publish","type":"post","link":"https:\/\/www.radiomais.ao\/index.php\/2025\/10\/01\/sme-enquadra-mais-de-700-efectivos-recem-admitidos\/","title":{"rendered":"SME enquadra mais de 700 efectivos rec\u00e9m admitidos."},"content":{"rendered":"\n<p>A cerim\u00f3nia solene, que teve lugar na parada do Centro de Deten\u00e7\u00e3o de Estrangeiros Ilegais (CDEI), contou com a participa\u00e7\u00e3o de v\u00e1rias entidades ligadas \u00e0 referida institui\u00e7\u00e3o afecta ao Minist\u00e9rio do Interior. Fonte <strong><em><a href=\"https:\/\/www.opais.ao\/sociedade\/sme-enquadra-mais-de-700-efectivos-recem-admitidos\/\">Opa\u00eds<\/a><\/em><\/strong><\/p>\n","protected":false},"excerpt":{"rendered":"<p>A cerim\u00f3nia solene, que teve lugar na parada do Centro de Deten\u00e7\u00e3o de Estrangeiros Ilegais (CDEI), contou com a participa\u00e7\u00e3o de v\u00e1rias entidades ligadas \u00e0 referida institui\u00e7\u00e3o afecta ao Minist\u00e9rio do Interior. Fonte Opa\u00eds<\/p>\n","protected":false},"author":3,"featured_media":2435,"comment_status":"open","ping_status":"open","sticky":false,"template":"","format":"standard","meta":{"footnotes":""},"categories":[16],"tags":[782,781,780],"class_list":["post-2434","post","type-post","status-publish","format-standard","has-post-thumbnail","hentry","category-actualidade","tag-efectivos-700","tag-enquadra","tag-sme"],"blocksy_meta":[],"_links":{"self":[{"href":"https:\/\/www.radiomais.ao\/index.php\/wp-json\/wp\/v2\/posts\/2434","targetHints":{"allow":["GET"]}}],"collection":[{"href":"https:\/\/www.radiomais.ao\/index.php\/wp-json\/wp\/v2\/posts"}],"about":[{"href":"https:\/\/www.radiomais.ao\/index.php\/wp-json\/wp\/v2\/types\/post"}],"author":[{"embeddable":true,"href":"https:\/\/www.radiomais.ao\/index.php\/wp-json\/wp\/v2\/users\/3"}],"replies":[{"embeddable":true,"href":"https:\/\/www.radiomais.ao\/index.php\/wp-json\/wp\/v2\/comments?post=2434"}],"version-history":[{"count":1,"href":"https:\/\/www.radiomais.ao\/index.php\/wp-json\/wp\/v2\/posts\/2434\/revisions"}],"predecessor-version":[{"id":2436,"href":"https:\/\/www.radiomais.ao\/index.php\/wp-json\/wp\/v2\/posts\/2434\/revisions\/2436"}],"wp:featuredmedia":[{"embeddable":true,"href":"https:\/\/www.radiomais.ao\/index.php\/wp-json\/wp\/v2\/media\/2435"}],"wp:attachment":[{"href":"https:\/\/www.radiomais.ao\/index.php\/wp-json\/wp\/v2\/media?parent=2434"}],"wp:term":[{"taxonomy":"category","embeddable":true,"href":"https:\/\/www.radiomais.ao\/index.php\/wp-json\/wp\/v2\/categories?post=2434"},{"taxonomy":"post_tag","embeddable":true,"href":"https:\/\/www.radiomais.ao\/index.php\/wp-json\/wp\/v2\/tags?post=2434"}],"curies":[{"name":"wp","href":"https:\/\/api.w.org\/{rel}","templated":true}]}}