{"id":2440,"date":"2025-10-01T14:29:21","date_gmt":"2025-10-01T13:29:21","guid":{"rendered":"https:\/\/www.radiomais.ao\/?p=2440"},"modified":"2025-10-01T14:29:21","modified_gmt":"2025-10-01T13:29:21","slug":"embate-entre-duas-motorizadas-provoca-morte-dos-dois-condutores","status":"publish","type":"post","link":"https:\/\/www.radiomais.ao\/index.php\/2025\/10\/01\/embate-entre-duas-motorizadas-provoca-morte-dos-dois-condutores\/","title":{"rendered":"Embate entre duas motorizadas provoca morte dos dois condutores."},"content":{"rendered":"\n<p>O porta-voz do Servi\u00e7o de Protec\u00e7\u00e3o Civil e Bombeiros na prov\u00edncia do Bi\u00e9, inspector-bombeiro Vasco Chioca, anunciou, hoje, que duas pessoas perderam a vida na noite desta ter\u00e7a-feira, 30, em consequ\u00eancia de uma colis\u00e3o entre dois motociclos registada no tro\u00e7o rodovi\u00e1rio Cuito-Cunhinga, na Estrada Nacional 140. Fonte <strong><em><a href=\"https:\/\/www.opais.ao\/sociedade\/embate-entre-duas-motorizadas-provoca-morte-dos-dois-condutores\/\">Opa\u00eds<\/a><\/em><\/strong><\/p>\n","protected":false},"excerpt":{"rendered":"<p>O porta-voz do Servi\u00e7o de Protec\u00e7\u00e3o Civil e Bombeiros na prov\u00edncia do Bi\u00e9, inspector-bombeiro Vasco Chioca, anunciou, hoje, que duas pessoas perderam a vida na noite desta ter\u00e7a-feira, 30, em consequ\u00eancia de uma colis\u00e3o entre dois motociclos registada no tro\u00e7o rodovi\u00e1rio Cuito-Cunhinga, na Estrada Nacional 140. Fonte Opa\u00eds<\/p>\n","protected":false},"author":3,"featured_media":2441,"comment_status":"open","ping_status":"open","sticky":false,"template":"","format":"standard","meta":{"footnotes":""},"categories":[16],"tags":[787,363,169,786],"class_list":["post-2440","post","type-post","status-publish","format-standard","has-post-thumbnail","hentry","category-actualidade","tag-2-motoristas","tag-acidente","tag-morte","tag-motorizadas"],"blocksy_meta":[],"_links":{"self":[{"href":"https:\/\/www.radiomais.ao\/index.php\/wp-json\/wp\/v2\/posts\/2440","targetHints":{"allow":["GET"]}}],"collection":[{"href":"https:\/\/www.radiomais.ao\/index.php\/wp-json\/wp\/v2\/posts"}],"about":[{"href":"https:\/\/www.radiomais.ao\/index.php\/wp-json\/wp\/v2\/types\/post"}],"author":[{"embeddable":true,"href":"https:\/\/www.radiomais.ao\/index.php\/wp-json\/wp\/v2\/users\/3"}],"replies":[{"embeddable":true,"href":"https:\/\/www.radiomais.ao\/index.php\/wp-json\/wp\/v2\/comments?post=2440"}],"version-history":[{"count":1,"href":"https:\/\/www.radiomais.ao\/index.php\/wp-json\/wp\/v2\/posts\/2440\/revisions"}],"predecessor-version":[{"id":2442,"href":"https:\/\/www.radiomais.ao\/index.php\/wp-json\/wp\/v2\/posts\/2440\/revisions\/2442"}],"wp:featuredmedia":[{"embeddable":true,"href":"https:\/\/www.radiomais.ao\/index.php\/wp-json\/wp\/v2\/media\/2441"}],"wp:attachment":[{"href":"https:\/\/www.radiomais.ao\/index.php\/wp-json\/wp\/v2\/media?parent=2440"}],"wp:term":[{"taxonomy":"category","embeddable":true,"href":"https:\/\/www.radiomais.ao\/index.php\/wp-json\/wp\/v2\/categories?post=2440"},{"taxonomy":"post_tag","embeddable":true,"href":"https:\/\/www.radiomais.ao\/index.php\/wp-json\/wp\/v2\/tags?post=2440"}],"curies":[{"name":"wp","href":"https:\/\/api.w.org\/{rel}","templated":true}]}}