{"id":2446,"date":"2025-10-02T14:24:11","date_gmt":"2025-10-02T13:24:11","guid":{"rendered":"https:\/\/www.radiomais.ao\/?p=2446"},"modified":"2025-10-02T14:24:11","modified_gmt":"2025-10-02T13:24:11","slug":"presidente-da-republica-convidado-a-participar-do-congresso-extraordinario-da-ceast-em-novembro","status":"publish","type":"post","link":"https:\/\/www.radiomais.ao\/index.php\/2025\/10\/02\/presidente-da-republica-convidado-a-participar-do-congresso-extraordinario-da-ceast-em-novembro\/","title":{"rendered":"Presidente da Rep\u00fablica convidado a participar do Congresso Extraordin\u00e1rio da CEAST em Novembro."},"content":{"rendered":"\n<p><strong>O Presidente da Rep\u00fablica, Jo\u00e3o Louren\u00e7o, foi convidado a tomar parte num Congresso Extraordin\u00e1rio da Confer\u00eancia Episcopal de Angola e S\u00e3o Tom\u00e9 (CEAST), previsto para a primeira semana do pr\u00f3ximo m\u00eas de Novembro, em Luanda, alusivo aos 50 anos da Independ\u00eancia naciona<\/strong>. Fonte <strong><em><a href=\"https:\/\/www.opais.ao\/politica\/presidente-da-republica-convidado-a-participar-do-congresso-extraordinario-da-ceast-em-novembro\/\">Opa\u00eds<\/a><\/em><\/strong><\/p>\n","protected":false},"excerpt":{"rendered":"<p>O Presidente da Rep\u00fablica, Jo\u00e3o Louren\u00e7o, foi convidado a tomar parte num Congresso Extraordin\u00e1rio da Confer\u00eancia Episcopal de Angola e S\u00e3o Tom\u00e9 (CEAST), previsto para a primeira semana do pr\u00f3ximo m\u00eas de Novembro, em Luanda, alusivo aos 50 anos da Independ\u00eancia naciona. Fonte Opa\u00eds<\/p>\n","protected":false},"author":3,"featured_media":2447,"comment_status":"open","ping_status":"open","sticky":false,"template":"","format":"standard","meta":{"footnotes":""},"categories":[16],"tags":[790,789,132],"class_list":["post-2446","post","type-post","status-publish","format-standard","has-post-thumbnail","hentry","category-actualidade","tag-ceast","tag-congesso-extraordinario","tag-pr"],"blocksy_meta":[],"_links":{"self":[{"href":"https:\/\/www.radiomais.ao\/index.php\/wp-json\/wp\/v2\/posts\/2446","targetHints":{"allow":["GET"]}}],"collection":[{"href":"https:\/\/www.radiomais.ao\/index.php\/wp-json\/wp\/v2\/posts"}],"about":[{"href":"https:\/\/www.radiomais.ao\/index.php\/wp-json\/wp\/v2\/types\/post"}],"author":[{"embeddable":true,"href":"https:\/\/www.radiomais.ao\/index.php\/wp-json\/wp\/v2\/users\/3"}],"replies":[{"embeddable":true,"href":"https:\/\/www.radiomais.ao\/index.php\/wp-json\/wp\/v2\/comments?post=2446"}],"version-history":[{"count":1,"href":"https:\/\/www.radiomais.ao\/index.php\/wp-json\/wp\/v2\/posts\/2446\/revisions"}],"predecessor-version":[{"id":2448,"href":"https:\/\/www.radiomais.ao\/index.php\/wp-json\/wp\/v2\/posts\/2446\/revisions\/2448"}],"wp:featuredmedia":[{"embeddable":true,"href":"https:\/\/www.radiomais.ao\/index.php\/wp-json\/wp\/v2\/media\/2447"}],"wp:attachment":[{"href":"https:\/\/www.radiomais.ao\/index.php\/wp-json\/wp\/v2\/media?parent=2446"}],"wp:term":[{"taxonomy":"category","embeddable":true,"href":"https:\/\/www.radiomais.ao\/index.php\/wp-json\/wp\/v2\/categories?post=2446"},{"taxonomy":"post_tag","embeddable":true,"href":"https:\/\/www.radiomais.ao\/index.php\/wp-json\/wp\/v2\/tags?post=2446"}],"curies":[{"name":"wp","href":"https:\/\/api.w.org\/{rel}","templated":true}]}}