{"id":2449,"date":"2025-10-02T14:27:45","date_gmt":"2025-10-02T13:27:45","guid":{"rendered":"https:\/\/www.radiomais.ao\/?p=2449"},"modified":"2025-10-02T14:27:45","modified_gmt":"2025-10-02T13:27:45","slug":"mpla-reitera-disciplina-e-etica-como-pilares-nacionais-e-partidarios","status":"publish","type":"post","link":"https:\/\/www.radiomais.ao\/index.php\/2025\/10\/02\/mpla-reitera-disciplina-e-etica-como-pilares-nacionais-e-partidarios\/","title":{"rendered":"MPLA reitera disciplina e \u00e9tica como pilares nacionais e partid\u00e1rios."},"content":{"rendered":"\n<p>O secret\u00e1rio-geral do MPLA, Paulo Pombolo, sublinhou, hoje, em Luanda, a import\u00e2ncia fundamental da disciplina, \u00e9tica e integridade para a ac\u00e7\u00e3o do partido e para o futuro da Na\u00e7\u00e3o angolana e instou os militantes e dirigentes a uma profunda an\u00e1lise sobre a sua conduta. Fonte <strong><em><a href=\"https:\/\/www.opais.ao\/politica\/mpla-reitera-disciplina-e-etica-como-pilares-nacionais-e-partidarios\/\">Opa\u00eds<\/a><\/em><\/strong><\/p>\n","protected":false},"excerpt":{"rendered":"<p>O secret\u00e1rio-geral do MPLA, Paulo Pombolo, sublinhou, hoje, em Luanda, a import\u00e2ncia fundamental da disciplina, \u00e9tica e integridade para a ac\u00e7\u00e3o do partido e para o futuro da Na\u00e7\u00e3o angolana e instou os militantes e dirigentes a uma profunda an\u00e1lise sobre a sua conduta. Fonte Opa\u00eds<\/p>\n","protected":false},"author":3,"featured_media":2450,"comment_status":"open","ping_status":"open","sticky":false,"template":"","format":"standard","meta":{"footnotes":""},"categories":[16],"tags":[792,793,157],"class_list":["post-2449","post","type-post","status-publish","format-standard","has-post-thumbnail","hentry","category-actualidade","tag-disciplina","tag-etica","tag-mpla"],"blocksy_meta":[],"_links":{"self":[{"href":"https:\/\/www.radiomais.ao\/index.php\/wp-json\/wp\/v2\/posts\/2449","targetHints":{"allow":["GET"]}}],"collection":[{"href":"https:\/\/www.radiomais.ao\/index.php\/wp-json\/wp\/v2\/posts"}],"about":[{"href":"https:\/\/www.radiomais.ao\/index.php\/wp-json\/wp\/v2\/types\/post"}],"author":[{"embeddable":true,"href":"https:\/\/www.radiomais.ao\/index.php\/wp-json\/wp\/v2\/users\/3"}],"replies":[{"embeddable":true,"href":"https:\/\/www.radiomais.ao\/index.php\/wp-json\/wp\/v2\/comments?post=2449"}],"version-history":[{"count":1,"href":"https:\/\/www.radiomais.ao\/index.php\/wp-json\/wp\/v2\/posts\/2449\/revisions"}],"predecessor-version":[{"id":2451,"href":"https:\/\/www.radiomais.ao\/index.php\/wp-json\/wp\/v2\/posts\/2449\/revisions\/2451"}],"wp:featuredmedia":[{"embeddable":true,"href":"https:\/\/www.radiomais.ao\/index.php\/wp-json\/wp\/v2\/media\/2450"}],"wp:attachment":[{"href":"https:\/\/www.radiomais.ao\/index.php\/wp-json\/wp\/v2\/media?parent=2449"}],"wp:term":[{"taxonomy":"category","embeddable":true,"href":"https:\/\/www.radiomais.ao\/index.php\/wp-json\/wp\/v2\/categories?post=2449"},{"taxonomy":"post_tag","embeddable":true,"href":"https:\/\/www.radiomais.ao\/index.php\/wp-json\/wp\/v2\/tags?post=2449"}],"curies":[{"name":"wp","href":"https:\/\/api.w.org\/{rel}","templated":true}]}}