{"id":2452,"date":"2025-10-02T14:32:01","date_gmt":"2025-10-02T13:32:01","guid":{"rendered":"https:\/\/www.radiomais.ao\/?p=2452"},"modified":"2025-10-02T14:32:01","modified_gmt":"2025-10-02T13:32:01","slug":"china-realca-parceria-estrategica-com-angola-na-celebracao-do-76-o-aniversario-da-republica-popular","status":"publish","type":"post","link":"https:\/\/www.radiomais.ao\/index.php\/2025\/10\/02\/china-realca-parceria-estrategica-com-angola-na-celebracao-do-76-o-aniversario-da-republica-popular\/","title":{"rendered":"China real\u00e7a parceria estrat\u00e9gica com Angola na celebra\u00e7\u00e3o do 76.\u00ba anivers\u00e1rio da Rep\u00fablica Popular."},"content":{"rendered":"\n<p><strong>O embaixador da Rep\u00fablica Popular da China em Angola, Zhang Bin, enalteceu as conquistas do seu pa\u00eds no cen\u00e1rio mundial actual e refor\u00e7ou a import\u00e2ncia da coopera\u00e7\u00e3o estrat\u00e9gica com Angola. As considera\u00e7\u00f5es do diplomata foram feitas na \u00faltima ter\u00e7a-feira, 30 de Setembro, durante a cerim\u00f3nia de recep\u00e7\u00e3o alusiva ao 76.\u00ba anivers\u00e1rio da Proclama\u00e7\u00e3o da Rep\u00fablica Popular da China, que ontem foi assinalada \u2013 realizada pela primeira vez nas novas instala\u00e7\u00f5es da miss\u00e3o diplom\u00e1tica em Luanda<\/strong>. Fonte <strong><em><a href=\"https:\/\/www.opais.ao\/politica\/china-realca-parceria-estrategica-com-angola-na-celebracao-do-76-o-aniversario-da-republica-popular\/\">Opa\u00eds<\/a><\/em><\/strong><\/p>\n","protected":false},"excerpt":{"rendered":"<p>O embaixador da Rep\u00fablica Popular da China em Angola, Zhang Bin, enalteceu as conquistas do seu pa\u00eds no cen\u00e1rio mundial actual e refor\u00e7ou a import\u00e2ncia da coopera\u00e7\u00e3o estrat\u00e9gica com Angola. As considera\u00e7\u00f5es do diplomata foram feitas na \u00faltima ter\u00e7a-feira, 30 de Setembro, durante a cerim\u00f3nia de recep\u00e7\u00e3o alusiva ao 76.\u00ba anivers\u00e1rio da Proclama\u00e7\u00e3o da Rep\u00fablica [&hellip;]<\/p>\n","protected":false},"author":3,"featured_media":2453,"comment_status":"open","ping_status":"open","sticky":false,"template":"","format":"standard","meta":{"footnotes":""},"categories":[16],"tags":[75,794,795],"class_list":["post-2452","post","type-post","status-publish","format-standard","has-post-thumbnail","hentry","category-actualidade","tag-angola","tag-china","tag-parceria-estrategica"],"blocksy_meta":[],"_links":{"self":[{"href":"https:\/\/www.radiomais.ao\/index.php\/wp-json\/wp\/v2\/posts\/2452","targetHints":{"allow":["GET"]}}],"collection":[{"href":"https:\/\/www.radiomais.ao\/index.php\/wp-json\/wp\/v2\/posts"}],"about":[{"href":"https:\/\/www.radiomais.ao\/index.php\/wp-json\/wp\/v2\/types\/post"}],"author":[{"embeddable":true,"href":"https:\/\/www.radiomais.ao\/index.php\/wp-json\/wp\/v2\/users\/3"}],"replies":[{"embeddable":true,"href":"https:\/\/www.radiomais.ao\/index.php\/wp-json\/wp\/v2\/comments?post=2452"}],"version-history":[{"count":1,"href":"https:\/\/www.radiomais.ao\/index.php\/wp-json\/wp\/v2\/posts\/2452\/revisions"}],"predecessor-version":[{"id":2454,"href":"https:\/\/www.radiomais.ao\/index.php\/wp-json\/wp\/v2\/posts\/2452\/revisions\/2454"}],"wp:featuredmedia":[{"embeddable":true,"href":"https:\/\/www.radiomais.ao\/index.php\/wp-json\/wp\/v2\/media\/2453"}],"wp:attachment":[{"href":"https:\/\/www.radiomais.ao\/index.php\/wp-json\/wp\/v2\/media?parent=2452"}],"wp:term":[{"taxonomy":"category","embeddable":true,"href":"https:\/\/www.radiomais.ao\/index.php\/wp-json\/wp\/v2\/categories?post=2452"},{"taxonomy":"post_tag","embeddable":true,"href":"https:\/\/www.radiomais.ao\/index.php\/wp-json\/wp\/v2\/tags?post=2452"}],"curies":[{"name":"wp","href":"https:\/\/api.w.org\/{rel}","templated":true}]}}