{"id":2461,"date":"2025-10-02T14:43:34","date_gmt":"2025-10-02T13:43:34","guid":{"rendered":"https:\/\/www.radiomais.ao\/?p=2461"},"modified":"2025-10-02T14:43:34","modified_gmt":"2025-10-02T13:43:34","slug":"lovua-reforca-prevencao-contra-a-colera-e-ebola","status":"publish","type":"post","link":"https:\/\/www.radiomais.ao\/index.php\/2025\/10\/02\/lovua-reforca-prevencao-contra-a-colera-e-ebola\/","title":{"rendered":"L\u00f4vua refor\u00e7a preven\u00e7\u00e3o contra a c\u00f3lera e \u00e9bola."},"content":{"rendered":"\n<p>O Conselho Municipal de Vigil\u00e2ncia Comunit\u00e1ria (CMVC) do L\u00f4vua reuniu-se, quarta-feira, em sess\u00e3o extraordin\u00e1ria, para analisar e estabelecer o refor\u00e7o das medidas de conten\u00e7\u00e3o e preven\u00e7\u00e3o contra a c\u00f3lera, que afecta o sul da prov\u00edncia, e o surto de \u00e9bola na Rep\u00fablica Democr\u00e1tica do Congo (RDC), pa\u00eds vizinho com quem o munic\u00edpio partilha uma extensa fronteira. Fonte <strong><em><a href=\"https:\/\/www.opais.ao\/sociedade\/lovua-reforca-prevencao-contra-a-colera-e-ebola\/\">Opa\u00eds<\/a><\/em><\/strong><\/p>\n","protected":false},"excerpt":{"rendered":"<p>O Conselho Municipal de Vigil\u00e2ncia Comunit\u00e1ria (CMVC) do L\u00f4vua reuniu-se, quarta-feira, em sess\u00e3o extraordin\u00e1ria, para analisar e estabelecer o refor\u00e7o das medidas de conten\u00e7\u00e3o e preven\u00e7\u00e3o contra a c\u00f3lera, que afecta o sul da prov\u00edncia, e o surto de \u00e9bola na Rep\u00fablica Democr\u00e1tica do Congo (RDC), pa\u00eds vizinho com quem o munic\u00edpio partilha uma extensa [&hellip;]<\/p>\n","protected":false},"author":3,"featured_media":2462,"comment_status":"open","ping_status":"open","sticky":false,"template":"","format":"standard","meta":{"footnotes":""},"categories":[16],"tags":[799,800,359,801],"class_list":["post-2461","post","type-post","status-publish","format-standard","has-post-thumbnail","hentry","category-actualidade","tag-colera-2","tag-ebola","tag-lovua","tag-reforca-prevencao"],"blocksy_meta":[],"_links":{"self":[{"href":"https:\/\/www.radiomais.ao\/index.php\/wp-json\/wp\/v2\/posts\/2461","targetHints":{"allow":["GET"]}}],"collection":[{"href":"https:\/\/www.radiomais.ao\/index.php\/wp-json\/wp\/v2\/posts"}],"about":[{"href":"https:\/\/www.radiomais.ao\/index.php\/wp-json\/wp\/v2\/types\/post"}],"author":[{"embeddable":true,"href":"https:\/\/www.radiomais.ao\/index.php\/wp-json\/wp\/v2\/users\/3"}],"replies":[{"embeddable":true,"href":"https:\/\/www.radiomais.ao\/index.php\/wp-json\/wp\/v2\/comments?post=2461"}],"version-history":[{"count":1,"href":"https:\/\/www.radiomais.ao\/index.php\/wp-json\/wp\/v2\/posts\/2461\/revisions"}],"predecessor-version":[{"id":2463,"href":"https:\/\/www.radiomais.ao\/index.php\/wp-json\/wp\/v2\/posts\/2461\/revisions\/2463"}],"wp:featuredmedia":[{"embeddable":true,"href":"https:\/\/www.radiomais.ao\/index.php\/wp-json\/wp\/v2\/media\/2462"}],"wp:attachment":[{"href":"https:\/\/www.radiomais.ao\/index.php\/wp-json\/wp\/v2\/media?parent=2461"}],"wp:term":[{"taxonomy":"category","embeddable":true,"href":"https:\/\/www.radiomais.ao\/index.php\/wp-json\/wp\/v2\/categories?post=2461"},{"taxonomy":"post_tag","embeddable":true,"href":"https:\/\/www.radiomais.ao\/index.php\/wp-json\/wp\/v2\/tags?post=2461"}],"curies":[{"name":"wp","href":"https:\/\/api.w.org\/{rel}","templated":true}]}}