{"id":2464,"date":"2025-10-02T14:48:34","date_gmt":"2025-10-02T13:48:34","guid":{"rendered":"https:\/\/www.radiomais.ao\/?p=2464"},"modified":"2025-10-02T14:48:34","modified_gmt":"2025-10-02T13:48:34","slug":"detido-falso-agente-da-policia-nacional-na-lunda-norte","status":"publish","type":"post","link":"https:\/\/www.radiomais.ao\/index.php\/2025\/10\/02\/detido-falso-agente-da-policia-nacional-na-lunda-norte\/","title":{"rendered":"Detido falso agente da Pol\u00edcia Nacional na Lunda-Norte."},"content":{"rendered":"\n<p>A deten\u00e7\u00e3o ocorreu ap\u00f3s o indiv\u00edduo ter exibido publicamente fotografias com o uniforme da corpora\u00e7\u00e3o nas redes sociais, induzindo a opini\u00e3o p\u00fablica em erro. Fonte<strong><em><a href=\"https:\/\/www.opais.ao\/sociedade\/detido-falso-agente-da-policia-nacional-na-lunda-norte\/\"> Opa\u00eds<\/a><\/em><\/strong><\/p>\n","protected":false},"excerpt":{"rendered":"<p>A deten\u00e7\u00e3o ocorreu ap\u00f3s o indiv\u00edduo ter exibido publicamente fotografias com o uniforme da corpora\u00e7\u00e3o nas redes sociais, induzindo a opini\u00e3o p\u00fablica em erro. Fonte Opa\u00eds<\/p>\n","protected":false},"author":3,"featured_media":2465,"comment_status":"open","ping_status":"open","sticky":false,"template":"","format":"standard","meta":{"footnotes":""},"categories":[16],"tags":[546,802,803],"class_list":["post-2464","post","type-post","status-publish","format-standard","has-post-thumbnail","hentry","category-actualidade","tag-detido","tag-falso-agente","tag-lunda-norte"],"blocksy_meta":[],"_links":{"self":[{"href":"https:\/\/www.radiomais.ao\/index.php\/wp-json\/wp\/v2\/posts\/2464","targetHints":{"allow":["GET"]}}],"collection":[{"href":"https:\/\/www.radiomais.ao\/index.php\/wp-json\/wp\/v2\/posts"}],"about":[{"href":"https:\/\/www.radiomais.ao\/index.php\/wp-json\/wp\/v2\/types\/post"}],"author":[{"embeddable":true,"href":"https:\/\/www.radiomais.ao\/index.php\/wp-json\/wp\/v2\/users\/3"}],"replies":[{"embeddable":true,"href":"https:\/\/www.radiomais.ao\/index.php\/wp-json\/wp\/v2\/comments?post=2464"}],"version-history":[{"count":1,"href":"https:\/\/www.radiomais.ao\/index.php\/wp-json\/wp\/v2\/posts\/2464\/revisions"}],"predecessor-version":[{"id":2466,"href":"https:\/\/www.radiomais.ao\/index.php\/wp-json\/wp\/v2\/posts\/2464\/revisions\/2466"}],"wp:featuredmedia":[{"embeddable":true,"href":"https:\/\/www.radiomais.ao\/index.php\/wp-json\/wp\/v2\/media\/2465"}],"wp:attachment":[{"href":"https:\/\/www.radiomais.ao\/index.php\/wp-json\/wp\/v2\/media?parent=2464"}],"wp:term":[{"taxonomy":"category","embeddable":true,"href":"https:\/\/www.radiomais.ao\/index.php\/wp-json\/wp\/v2\/categories?post=2464"},{"taxonomy":"post_tag","embeddable":true,"href":"https:\/\/www.radiomais.ao\/index.php\/wp-json\/wp\/v2\/tags?post=2464"}],"curies":[{"name":"wp","href":"https:\/\/api.w.org\/{rel}","templated":true}]}}