{"id":2467,"date":"2025-10-02T14:52:14","date_gmt":"2025-10-02T13:52:14","guid":{"rendered":"https:\/\/www.radiomais.ao\/?p=2467"},"modified":"2025-10-02T14:52:14","modified_gmt":"2025-10-02T13:52:14","slug":"inclusao-de-alunos-surdos-enfrenta-barreiras-em-angola-por-escassez-de-interpretes","status":"publish","type":"post","link":"https:\/\/www.radiomais.ao\/index.php\/2025\/10\/02\/inclusao-de-alunos-surdos-enfrenta-barreiras-em-angola-por-escassez-de-interpretes\/","title":{"rendered":"Inclus\u00e3o de alunos surdos enfrenta barreiras em Angola por escassez de int\u00e9rpretes."},"content":{"rendered":"\n<p><strong>A directora-geral adjunta do Instituto Nacional de Educa\u00e7\u00e3o Especial (INEE), S\u00edlvia Costa, alertou que a inclus\u00e3o de alunos com defici\u00eancia auditiva nas escolas do pa\u00eds ainda n\u00e3o \u00e9 uma realidade plena, devido \u00e0 escassez de int\u00e9rpretes de L\u00edngua Gestual Angolana<\/strong>.Fonte <strong><em><a href=\"https:\/\/www.opais.ao\/sociedade\/inclusao-de-alunos-surdos-enfrenta-barreiras-em-angola-por-escassez-de-interpretes\/\">Opa\u00eds<\/a><\/em><\/strong><\/p>\n","protected":false},"excerpt":{"rendered":"<p>A directora-geral adjunta do Instituto Nacional de Educa\u00e7\u00e3o Especial (INEE), S\u00edlvia Costa, alertou que a inclus\u00e3o de alunos com defici\u00eancia auditiva nas escolas do pa\u00eds ainda n\u00e3o \u00e9 uma realidade plena, devido \u00e0 escassez de int\u00e9rpretes de L\u00edngua Gestual Angolana.Fonte Opa\u00eds<\/p>\n","protected":false},"author":3,"featured_media":2468,"comment_status":"open","ping_status":"open","sticky":false,"template":"","format":"standard","meta":{"footnotes":""},"categories":[16],"tags":[804,805],"class_list":["post-2467","post","type-post","status-publish","format-standard","has-post-thumbnail","hentry","category-actualidade","tag-alunos-surdos","tag-barreiras"],"blocksy_meta":[],"_links":{"self":[{"href":"https:\/\/www.radiomais.ao\/index.php\/wp-json\/wp\/v2\/posts\/2467","targetHints":{"allow":["GET"]}}],"collection":[{"href":"https:\/\/www.radiomais.ao\/index.php\/wp-json\/wp\/v2\/posts"}],"about":[{"href":"https:\/\/www.radiomais.ao\/index.php\/wp-json\/wp\/v2\/types\/post"}],"author":[{"embeddable":true,"href":"https:\/\/www.radiomais.ao\/index.php\/wp-json\/wp\/v2\/users\/3"}],"replies":[{"embeddable":true,"href":"https:\/\/www.radiomais.ao\/index.php\/wp-json\/wp\/v2\/comments?post=2467"}],"version-history":[{"count":1,"href":"https:\/\/www.radiomais.ao\/index.php\/wp-json\/wp\/v2\/posts\/2467\/revisions"}],"predecessor-version":[{"id":2469,"href":"https:\/\/www.radiomais.ao\/index.php\/wp-json\/wp\/v2\/posts\/2467\/revisions\/2469"}],"wp:featuredmedia":[{"embeddable":true,"href":"https:\/\/www.radiomais.ao\/index.php\/wp-json\/wp\/v2\/media\/2468"}],"wp:attachment":[{"href":"https:\/\/www.radiomais.ao\/index.php\/wp-json\/wp\/v2\/media?parent=2467"}],"wp:term":[{"taxonomy":"category","embeddable":true,"href":"https:\/\/www.radiomais.ao\/index.php\/wp-json\/wp\/v2\/categories?post=2467"},{"taxonomy":"post_tag","embeddable":true,"href":"https:\/\/www.radiomais.ao\/index.php\/wp-json\/wp\/v2\/tags?post=2467"}],"curies":[{"name":"wp","href":"https:\/\/api.w.org\/{rel}","templated":true}]}}