{"id":2470,"date":"2025-10-02T15:03:02","date_gmt":"2025-10-02T14:03:02","guid":{"rendered":"https:\/\/www.radiomais.ao\/?p=2470"},"modified":"2025-10-02T15:03:02","modified_gmt":"2025-10-02T14:03:02","slug":"dupla-sidonio-e-lembinha-condecorada-pelos-feitos-na-arte","status":"publish","type":"post","link":"https:\/\/www.radiomais.ao\/index.php\/2025\/10\/02\/dupla-sidonio-e-lembinha-condecorada-pelos-feitos-na-arte\/","title":{"rendered":"Dupla \u201cSid\u00f3nio e Lembinha\u201d condecorada pelos feitos na arte."},"content":{"rendered":"\n<p>O conhecido casal de actores, Lu\u00eds da Costa Dias Quifas \u201cSid\u00f3nio\u201d e Josefina dos Santos \u201cLembinha\u201d, foi condecorados ontem pelo Presidente da Rep\u00fablica, Jo\u00e3o Louren\u00e7o, durante a sexta cerim\u00f4nia de condecora\u00e7\u00f5es que decorreu em Luanda, no \u00e2mbito da celebra\u00e7\u00e3o dos 50 anos de independ\u00eancia nacional. Fonte <strong><em><a href=\"https:\/\/www.opais.ao\/cultura\/dupla-sidonio-e-lembinha-condecorada-pelos-feitos-na-arte\/\">Opa\u00eds<\/a><\/em><\/strong><\/p>\n","protected":false},"excerpt":{"rendered":"<p>O conhecido casal de actores, Lu\u00eds da Costa Dias Quifas \u201cSid\u00f3nio\u201d e Josefina dos Santos \u201cLembinha\u201d, foi condecorados ontem pelo Presidente da Rep\u00fablica, Jo\u00e3o Louren\u00e7o, durante a sexta cerim\u00f4nia de condecora\u00e7\u00f5es que decorreu em Luanda, no \u00e2mbito da celebra\u00e7\u00e3o dos 50 anos de independ\u00eancia nacional. Fonte Opa\u00eds<\/p>\n","protected":false},"author":3,"featured_media":2471,"comment_status":"open","ping_status":"open","sticky":false,"template":"","format":"standard","meta":{"footnotes":""},"categories":[16],"tags":[807,296,806],"class_list":["post-2470","post","type-post","status-publish","format-standard","has-post-thumbnail","hentry","category-actualidade","tag-condecorados","tag-cultura","tag-sidonio-e-lembinha"],"blocksy_meta":[],"_links":{"self":[{"href":"https:\/\/www.radiomais.ao\/index.php\/wp-json\/wp\/v2\/posts\/2470","targetHints":{"allow":["GET"]}}],"collection":[{"href":"https:\/\/www.radiomais.ao\/index.php\/wp-json\/wp\/v2\/posts"}],"about":[{"href":"https:\/\/www.radiomais.ao\/index.php\/wp-json\/wp\/v2\/types\/post"}],"author":[{"embeddable":true,"href":"https:\/\/www.radiomais.ao\/index.php\/wp-json\/wp\/v2\/users\/3"}],"replies":[{"embeddable":true,"href":"https:\/\/www.radiomais.ao\/index.php\/wp-json\/wp\/v2\/comments?post=2470"}],"version-history":[{"count":1,"href":"https:\/\/www.radiomais.ao\/index.php\/wp-json\/wp\/v2\/posts\/2470\/revisions"}],"predecessor-version":[{"id":2472,"href":"https:\/\/www.radiomais.ao\/index.php\/wp-json\/wp\/v2\/posts\/2470\/revisions\/2472"}],"wp:featuredmedia":[{"embeddable":true,"href":"https:\/\/www.radiomais.ao\/index.php\/wp-json\/wp\/v2\/media\/2471"}],"wp:attachment":[{"href":"https:\/\/www.radiomais.ao\/index.php\/wp-json\/wp\/v2\/media?parent=2470"}],"wp:term":[{"taxonomy":"category","embeddable":true,"href":"https:\/\/www.radiomais.ao\/index.php\/wp-json\/wp\/v2\/categories?post=2470"},{"taxonomy":"post_tag","embeddable":true,"href":"https:\/\/www.radiomais.ao\/index.php\/wp-json\/wp\/v2\/tags?post=2470"}],"curies":[{"name":"wp","href":"https:\/\/api.w.org\/{rel}","templated":true}]}}