{"id":2473,"date":"2025-10-02T15:27:40","date_gmt":"2025-10-02T14:27:40","guid":{"rendered":"https:\/\/www.radiomais.ao\/?p=2473"},"modified":"2025-10-02T15:27:40","modified_gmt":"2025-10-02T14:27:40","slug":"promotores-de-evento-que-contratarem-tsunami-podem-perder-a-licenca","status":"publish","type":"post","link":"https:\/\/www.radiomais.ao\/index.php\/2025\/10\/02\/promotores-de-evento-que-contratarem-tsunami-podem-perder-a-licenca\/","title":{"rendered":"Promotores de evento que contratarem &#8220;Tsunami&#8221; podem perder a licen\u00e7a."},"content":{"rendered":"\n<p>Os promotores de eventos a nivel do pa\u00eds, que contratarem o m\u00fasico Tsunami, podem perder a licen\u00e7a de actividade, ditou o minist\u00e9rio da cultura, depois de uma concerta\u00e7\u00e3o com a Organiza\u00e7\u00e3o da Mulher Angolana.<\/p>\n\n\n\n<p>A medida foi divulgada na tarde de ontem, pela secret\u00e1ria geral da OMA. <\/p>\n\n\n\n<p>Joana Tomas, referiu que a OMA, procurou o org\u00e3o capaz de definir as linhas da cultura no pa\u00eds, no intuito de observar quest\u00f5es que ferem a honra da mulher e da sociedade no geral, que intende estarem expostas nas letras e perfomance de atua\u00e7\u00e3o do m\u00fasico Tsunami.<\/p>\n","protected":false},"excerpt":{"rendered":"<p>Os promotores de eventos a nivel do pa\u00eds, que contratarem o m\u00fasico Tsunami, podem perder a licen\u00e7a de actividade, ditou o minist\u00e9rio da cultura, depois de uma concerta\u00e7\u00e3o com a Organiza\u00e7\u00e3o da Mulher Angolana. A medida foi divulgada na tarde de ontem, pela secret\u00e1ria geral da OMA. Joana Tomas, referiu que a OMA, procurou o [&hellip;]<\/p>\n","protected":false},"author":3,"featured_media":2474,"comment_status":"open","ping_status":"open","sticky":false,"template":"","format":"standard","meta":{"footnotes":""},"categories":[16],"tags":[810,809,808],"class_list":["post-2473","post","type-post","status-publish","format-standard","has-post-thumbnail","hentry","category-actualidade","tag-perdem-licenca","tag-promotores-de-evento","tag-tsunami"],"blocksy_meta":[],"_links":{"self":[{"href":"https:\/\/www.radiomais.ao\/index.php\/wp-json\/wp\/v2\/posts\/2473","targetHints":{"allow":["GET"]}}],"collection":[{"href":"https:\/\/www.radiomais.ao\/index.php\/wp-json\/wp\/v2\/posts"}],"about":[{"href":"https:\/\/www.radiomais.ao\/index.php\/wp-json\/wp\/v2\/types\/post"}],"author":[{"embeddable":true,"href":"https:\/\/www.radiomais.ao\/index.php\/wp-json\/wp\/v2\/users\/3"}],"replies":[{"embeddable":true,"href":"https:\/\/www.radiomais.ao\/index.php\/wp-json\/wp\/v2\/comments?post=2473"}],"version-history":[{"count":1,"href":"https:\/\/www.radiomais.ao\/index.php\/wp-json\/wp\/v2\/posts\/2473\/revisions"}],"predecessor-version":[{"id":2475,"href":"https:\/\/www.radiomais.ao\/index.php\/wp-json\/wp\/v2\/posts\/2473\/revisions\/2475"}],"wp:featuredmedia":[{"embeddable":true,"href":"https:\/\/www.radiomais.ao\/index.php\/wp-json\/wp\/v2\/media\/2474"}],"wp:attachment":[{"href":"https:\/\/www.radiomais.ao\/index.php\/wp-json\/wp\/v2\/media?parent=2473"}],"wp:term":[{"taxonomy":"category","embeddable":true,"href":"https:\/\/www.radiomais.ao\/index.php\/wp-json\/wp\/v2\/categories?post=2473"},{"taxonomy":"post_tag","embeddable":true,"href":"https:\/\/www.radiomais.ao\/index.php\/wp-json\/wp\/v2\/tags?post=2473"}],"curies":[{"name":"wp","href":"https:\/\/api.w.org\/{rel}","templated":true}]}}