{"id":2476,"date":"2025-10-03T12:43:03","date_gmt":"2025-10-03T11:43:03","guid":{"rendered":"https:\/\/www.radiomais.ao\/?p=2476"},"modified":"2025-10-03T12:43:03","modified_gmt":"2025-10-03T11:43:03","slug":"jardo-muekalia-e-bom-que-a-unita-nao-veja-no-pra-ja-o-adversario","status":"publish","type":"post","link":"https:\/\/www.radiomais.ao\/index.php\/2025\/10\/03\/jardo-muekalia-e-bom-que-a-unita-nao-veja-no-pra-ja-o-adversario\/","title":{"rendered":"Jardo Muekalia: \u2018\u00c9 bom que a UNITA n\u00e3o veja no PRA-JA o advers\u00e1rio\u2019."},"content":{"rendered":"\n<p><strong>oi at\u00e9 Agosto deste ano uma das mais importantes figuras da UNITA, partido que representou nos Estados Unidos, onde teve acesso aos corredores do poder na maior pot\u00eancia do mundo. Numa fase como esta de elei\u00e7\u00f5es na organiza\u00e7\u00e3o fundada por Jonas Savimbi, o seu nome viria, indiscutivelmente, \u00e0 baila. Mas, nesta fase, Jardo Muekalia preferiu afastar-se daquele que ainda \u00e9 considerado o maior partido da oposi\u00e7\u00e3o no pa\u00eds para refor\u00e7ar o PRA-JA Servir Angola, a sensa\u00e7\u00e3o da pol\u00edtica nacional. O pol\u00edtico diz ter atendido a uma evolu\u00e7\u00e3o da sociedade que considera, em alguns segmentos, ter evolu\u00eddo mais do que os partidos pol\u00edticos<\/strong>. Fonte <strong><em><a href=\"https:\/\/www.opais.ao\/entrevista\/jardo-muekalia-e-bom-que-a-unita-nao-veja-no-pra-ja-o-adversario\/\">Opa\u00eds<\/a><\/em><\/strong><\/p>\n","protected":false},"excerpt":{"rendered":"<p>oi at\u00e9 Agosto deste ano uma das mais importantes figuras da UNITA, partido que representou nos Estados Unidos, onde teve acesso aos corredores do poder na maior pot\u00eancia do mundo. Numa fase como esta de elei\u00e7\u00f5es na organiza\u00e7\u00e3o fundada por Jonas Savimbi, o seu nome viria, indiscutivelmente, \u00e0 baila. Mas, nesta fase, Jardo Muekalia preferiu [&hellip;]<\/p>\n","protected":false},"author":3,"featured_media":2477,"comment_status":"open","ping_status":"open","sticky":false,"template":"","format":"standard","meta":{"footnotes":""},"categories":[16],"tags":[811],"class_list":["post-2476","post","type-post","status-publish","format-standard","has-post-thumbnail","hentry","category-actualidade","tag-jardo-muekalia"],"blocksy_meta":[],"_links":{"self":[{"href":"https:\/\/www.radiomais.ao\/index.php\/wp-json\/wp\/v2\/posts\/2476","targetHints":{"allow":["GET"]}}],"collection":[{"href":"https:\/\/www.radiomais.ao\/index.php\/wp-json\/wp\/v2\/posts"}],"about":[{"href":"https:\/\/www.radiomais.ao\/index.php\/wp-json\/wp\/v2\/types\/post"}],"author":[{"embeddable":true,"href":"https:\/\/www.radiomais.ao\/index.php\/wp-json\/wp\/v2\/users\/3"}],"replies":[{"embeddable":true,"href":"https:\/\/www.radiomais.ao\/index.php\/wp-json\/wp\/v2\/comments?post=2476"}],"version-history":[{"count":1,"href":"https:\/\/www.radiomais.ao\/index.php\/wp-json\/wp\/v2\/posts\/2476\/revisions"}],"predecessor-version":[{"id":2478,"href":"https:\/\/www.radiomais.ao\/index.php\/wp-json\/wp\/v2\/posts\/2476\/revisions\/2478"}],"wp:featuredmedia":[{"embeddable":true,"href":"https:\/\/www.radiomais.ao\/index.php\/wp-json\/wp\/v2\/media\/2477"}],"wp:attachment":[{"href":"https:\/\/www.radiomais.ao\/index.php\/wp-json\/wp\/v2\/media?parent=2476"}],"wp:term":[{"taxonomy":"category","embeddable":true,"href":"https:\/\/www.radiomais.ao\/index.php\/wp-json\/wp\/v2\/categories?post=2476"},{"taxonomy":"post_tag","embeddable":true,"href":"https:\/\/www.radiomais.ao\/index.php\/wp-json\/wp\/v2\/tags?post=2476"}],"curies":[{"name":"wp","href":"https:\/\/api.w.org\/{rel}","templated":true}]}}