{"id":2479,"date":"2025-10-03T12:47:23","date_gmt":"2025-10-03T11:47:23","guid":{"rendered":"https:\/\/www.radiomais.ao\/?p=2479"},"modified":"2025-10-03T12:47:23","modified_gmt":"2025-10-03T11:47:23","slug":"antonio-da-luz-o-complexo-jose-sayovo-vai-permitir-que-atletas-disputem-lugares-cimeiros-em-provas-internacionais","status":"publish","type":"post","link":"https:\/\/www.radiomais.ao\/index.php\/2025\/10\/03\/antonio-da-luz-o-complexo-jose-sayovo-vai-permitir-que-atletas-disputem-lugares-cimeiros-em-provas-internacionais\/","title":{"rendered":"Ant\u00f3nio da Luz: \u201cO Complexo \u2018Jos\u00e9 Sayovo\u2019 vai permitir que atletas disputem lugares cimeiros em provas internacionais\u201d."},"content":{"rendered":"\n<p><strong>O Complexo Desportivo Paral\u00edmpico \u201cJos\u00e9 Armando Sayovo\u201d, localizado em Bucula, na cidade de Caxito, na prov\u00edncia do Bengo, ser\u00e1 inaugurado amanh\u00e3, s\u00e1bado, a partir das 10:00, como parte das celebra\u00e7\u00f5es dos 50 anos de Independ\u00eancia Nacional, a assinalar-se no dia 11 de Novembro deste ano<\/strong>. Fonte<strong><em><a href=\"https:\/\/www.opais.ao\/desporto\/antonio-da-luz-o-complexo-jose-sayovo-vai-permitir-que-atletas-disputem-lugares-cimeiros-em-provas-internacionais\/\"> Opa\u00eds<\/a><\/em><\/strong><\/p>\n","protected":false},"excerpt":{"rendered":"<p>O Complexo Desportivo Paral\u00edmpico \u201cJos\u00e9 Armando Sayovo\u201d, localizado em Bucula, na cidade de Caxito, na prov\u00edncia do Bengo, ser\u00e1 inaugurado amanh\u00e3, s\u00e1bado, a partir das 10:00, como parte das celebra\u00e7\u00f5es dos 50 anos de Independ\u00eancia Nacional, a assinalar-se no dia 11 de Novembro deste ano. Fonte Opa\u00eds<\/p>\n","protected":false},"author":3,"featured_media":2480,"comment_status":"open","ping_status":"open","sticky":false,"template":"","format":"standard","meta":{"footnotes":""},"categories":[16],"tags":[813,812],"class_list":["post-2479","post","type-post","status-publish","format-standard","has-post-thumbnail","hentry","category-actualidade","tag-atletas","tag-complexo-jose-sayavo"],"blocksy_meta":[],"_links":{"self":[{"href":"https:\/\/www.radiomais.ao\/index.php\/wp-json\/wp\/v2\/posts\/2479","targetHints":{"allow":["GET"]}}],"collection":[{"href":"https:\/\/www.radiomais.ao\/index.php\/wp-json\/wp\/v2\/posts"}],"about":[{"href":"https:\/\/www.radiomais.ao\/index.php\/wp-json\/wp\/v2\/types\/post"}],"author":[{"embeddable":true,"href":"https:\/\/www.radiomais.ao\/index.php\/wp-json\/wp\/v2\/users\/3"}],"replies":[{"embeddable":true,"href":"https:\/\/www.radiomais.ao\/index.php\/wp-json\/wp\/v2\/comments?post=2479"}],"version-history":[{"count":1,"href":"https:\/\/www.radiomais.ao\/index.php\/wp-json\/wp\/v2\/posts\/2479\/revisions"}],"predecessor-version":[{"id":2481,"href":"https:\/\/www.radiomais.ao\/index.php\/wp-json\/wp\/v2\/posts\/2479\/revisions\/2481"}],"wp:featuredmedia":[{"embeddable":true,"href":"https:\/\/www.radiomais.ao\/index.php\/wp-json\/wp\/v2\/media\/2480"}],"wp:attachment":[{"href":"https:\/\/www.radiomais.ao\/index.php\/wp-json\/wp\/v2\/media?parent=2479"}],"wp:term":[{"taxonomy":"category","embeddable":true,"href":"https:\/\/www.radiomais.ao\/index.php\/wp-json\/wp\/v2\/categories?post=2479"},{"taxonomy":"post_tag","embeddable":true,"href":"https:\/\/www.radiomais.ao\/index.php\/wp-json\/wp\/v2\/tags?post=2479"}],"curies":[{"name":"wp","href":"https:\/\/api.w.org\/{rel}","templated":true}]}}