{"id":2482,"date":"2025-10-03T12:51:28","date_gmt":"2025-10-03T11:51:28","guid":{"rendered":"https:\/\/www.radiomais.ao\/?p=2482"},"modified":"2025-10-03T12:51:28","modified_gmt":"2025-10-03T11:51:28","slug":"terminal-de-pagamento-automatico-regista-queda-de-096-nas-movimentacoes-de-setembro","status":"publish","type":"post","link":"https:\/\/www.radiomais.ao\/index.php\/2025\/10\/03\/terminal-de-pagamento-automatico-regista-queda-de-096-nas-movimentacoes-de-setembro\/","title":{"rendered":"Terminal de Pagamento Autom\u00e1tico regista queda de 0,96% nas movimenta\u00e7\u00f5es de setembro."},"content":{"rendered":"\n<p>O administrador executivo da Empresa Interbanc\u00e1ria de Servi\u00e7os (EMIS), Eduardo Betencourt, anunciou, ontem, em Luanda, que a rede Nacional de Terminais de Pagamento Autom\u00e1tico (TPA), registou, no m\u00eas de setembro, mais de 309 milh\u00f5es de movimenta\u00e7\u00f5es contra as 312 milh\u00f5es de transa\u00e7\u00f5es somadas em Agosto, representando uma queda de 0,96%. Fonte <strong><em><a href=\"https:\/\/www.opais.ao\/ultimas_hora\/terminal-de-pagamento-automatico-regista-queda-de-096-nas-movimentacoes-de-setembro\/\">Opa\u00eds<\/a><\/em><\/strong><\/p>\n\n\n\n<p><\/p>\n","protected":false},"excerpt":{"rendered":"<p>O administrador executivo da Empresa Interbanc\u00e1ria de Servi\u00e7os (EMIS), Eduardo Betencourt, anunciou, ontem, em Luanda, que a rede Nacional de Terminais de Pagamento Autom\u00e1tico (TPA), registou, no m\u00eas de setembro, mais de 309 milh\u00f5es de movimenta\u00e7\u00f5es contra as 312 milh\u00f5es de transa\u00e7\u00f5es somadas em Agosto, representando uma queda de 0,96%. Fonte Opa\u00eds<\/p>\n","protected":false},"author":3,"featured_media":2483,"comment_status":"open","ping_status":"open","sticky":false,"template":"","format":"standard","meta":{"footnotes":""},"categories":[16],"tags":[816,815,814],"class_list":["post-2482","post","type-post","status-publish","format-standard","has-post-thumbnail","hentry","category-actualidade","tag-movimentacoes","tag-queda","tag-tpa"],"blocksy_meta":[],"_links":{"self":[{"href":"https:\/\/www.radiomais.ao\/index.php\/wp-json\/wp\/v2\/posts\/2482","targetHints":{"allow":["GET"]}}],"collection":[{"href":"https:\/\/www.radiomais.ao\/index.php\/wp-json\/wp\/v2\/posts"}],"about":[{"href":"https:\/\/www.radiomais.ao\/index.php\/wp-json\/wp\/v2\/types\/post"}],"author":[{"embeddable":true,"href":"https:\/\/www.radiomais.ao\/index.php\/wp-json\/wp\/v2\/users\/3"}],"replies":[{"embeddable":true,"href":"https:\/\/www.radiomais.ao\/index.php\/wp-json\/wp\/v2\/comments?post=2482"}],"version-history":[{"count":1,"href":"https:\/\/www.radiomais.ao\/index.php\/wp-json\/wp\/v2\/posts\/2482\/revisions"}],"predecessor-version":[{"id":2484,"href":"https:\/\/www.radiomais.ao\/index.php\/wp-json\/wp\/v2\/posts\/2482\/revisions\/2484"}],"wp:featuredmedia":[{"embeddable":true,"href":"https:\/\/www.radiomais.ao\/index.php\/wp-json\/wp\/v2\/media\/2483"}],"wp:attachment":[{"href":"https:\/\/www.radiomais.ao\/index.php\/wp-json\/wp\/v2\/media?parent=2482"}],"wp:term":[{"taxonomy":"category","embeddable":true,"href":"https:\/\/www.radiomais.ao\/index.php\/wp-json\/wp\/v2\/categories?post=2482"},{"taxonomy":"post_tag","embeddable":true,"href":"https:\/\/www.radiomais.ao\/index.php\/wp-json\/wp\/v2\/tags?post=2482"}],"curies":[{"name":"wp","href":"https:\/\/api.w.org\/{rel}","templated":true}]}}