{"id":2488,"date":"2025-10-03T13:47:23","date_gmt":"2025-10-03T12:47:23","guid":{"rendered":"https:\/\/www.radiomais.ao\/?p=2488"},"modified":"2025-10-03T13:47:23","modified_gmt":"2025-10-03T12:47:23","slug":"cidadao-morre-electrocutado-ao-tentar-vandalizar-cabine-electrica","status":"publish","type":"post","link":"https:\/\/www.radiomais.ao\/index.php\/2025\/10\/03\/cidadao-morre-electrocutado-ao-tentar-vandalizar-cabine-electrica\/","title":{"rendered":"Cidad\u00e3o morre electrocutado ao tentar vandalizar cabine el\u00e9ctrica\u200e."},"content":{"rendered":"\n<p>Um cidad\u00e3o nacional cuja idade e identifica\u00e7\u00e3o n\u00e3o foi revelada, perdeu a vida recentemente, por electrocuss\u00e3o, quando supostamente tentava vandalizar uma das cabines da ENDE, localizada no munic\u00edpio do Kilamba, em Luanda. Fonte <strong><em><a href=\"https:\/\/www.opais.ao\/sociedade\/cidadao-morre-electrocutado-ao-tentar-vandalizar-cabine-electrica\/\">O pa\u00eds<\/a><\/em><\/strong><\/p>\n\n\n\n<p><\/p>\n","protected":false},"excerpt":{"rendered":"<p>Um cidad\u00e3o nacional cuja idade e identifica\u00e7\u00e3o n\u00e3o foi revelada, perdeu a vida recentemente, por electrocuss\u00e3o, quando supostamente tentava vandalizar uma das cabines da ENDE, localizada no munic\u00edpio do Kilamba, em Luanda. Fonte O pa\u00eds<\/p>\n","protected":false},"author":3,"featured_media":2489,"comment_status":"open","ping_status":"open","sticky":false,"template":"","format":"standard","meta":{"footnotes":""},"categories":[16],"tags":[341,824,825],"class_list":["post-2488","post","type-post","status-publish","format-standard","has-post-thumbnail","hentry","category-actualidade","tag-cidadao","tag-electrocutado","tag-tentativa-de-vanadalismo"],"blocksy_meta":[],"_links":{"self":[{"href":"https:\/\/www.radiomais.ao\/index.php\/wp-json\/wp\/v2\/posts\/2488","targetHints":{"allow":["GET"]}}],"collection":[{"href":"https:\/\/www.radiomais.ao\/index.php\/wp-json\/wp\/v2\/posts"}],"about":[{"href":"https:\/\/www.radiomais.ao\/index.php\/wp-json\/wp\/v2\/types\/post"}],"author":[{"embeddable":true,"href":"https:\/\/www.radiomais.ao\/index.php\/wp-json\/wp\/v2\/users\/3"}],"replies":[{"embeddable":true,"href":"https:\/\/www.radiomais.ao\/index.php\/wp-json\/wp\/v2\/comments?post=2488"}],"version-history":[{"count":1,"href":"https:\/\/www.radiomais.ao\/index.php\/wp-json\/wp\/v2\/posts\/2488\/revisions"}],"predecessor-version":[{"id":2490,"href":"https:\/\/www.radiomais.ao\/index.php\/wp-json\/wp\/v2\/posts\/2488\/revisions\/2490"}],"wp:featuredmedia":[{"embeddable":true,"href":"https:\/\/www.radiomais.ao\/index.php\/wp-json\/wp\/v2\/media\/2489"}],"wp:attachment":[{"href":"https:\/\/www.radiomais.ao\/index.php\/wp-json\/wp\/v2\/media?parent=2488"}],"wp:term":[{"taxonomy":"category","embeddable":true,"href":"https:\/\/www.radiomais.ao\/index.php\/wp-json\/wp\/v2\/categories?post=2488"},{"taxonomy":"post_tag","embeddable":true,"href":"https:\/\/www.radiomais.ao\/index.php\/wp-json\/wp\/v2\/tags?post=2488"}],"curies":[{"name":"wp","href":"https:\/\/api.w.org\/{rel}","templated":true}]}}