{"id":2491,"date":"2025-10-03T13:49:55","date_gmt":"2025-10-03T12:49:55","guid":{"rendered":"https:\/\/www.radiomais.ao\/?p=2491"},"modified":"2025-10-03T13:49:55","modified_gmt":"2025-10-03T12:49:55","slug":"efectivo-das-faa-suicida-se-apos-matar-esposa-filho-e-vizinho-por-alegada-traicao","status":"publish","type":"post","link":"https:\/\/www.radiomais.ao\/index.php\/2025\/10\/03\/efectivo-das-faa-suicida-se-apos-matar-esposa-filho-e-vizinho-por-alegada-traicao\/","title":{"rendered":"\u200eEfectivo das FAA suicida-se ap\u00f3s matar esposa, filho e vizinho por alegada trai\u00e7\u00e3o."},"content":{"rendered":"\n<p>\u200eUm efectivo das For\u00e7as Armadas Angolanas (FAA) disparou mortalmente, com recurso \u00e0 arma de fogo, contra a sua esposa, o filho e o seu vizinho, e a seguir tirou a pr\u00f3pria vida, na noite desta quinta-feira, 02, no bairro 11 de Novembro, munic\u00edpio de Mbanza Kongo, por desconfiar que tem sido v\u00edtima de trai\u00e7\u00e3o por parte da parceira. Fonte <strong><em><a href=\"https:\/\/www.opais.ao\/ultimas_hora\/efectivo-das-faa-suicida-se-apos-matar-esposa-filho-e-vizinho-por-alegada-traicao\/\">O pa\u00eds<\/a><\/em><\/strong><\/p>\n","protected":false},"excerpt":{"rendered":"<p>\u200eUm efectivo das For\u00e7as Armadas Angolanas (FAA) disparou mortalmente, com recurso \u00e0 arma de fogo, contra a sua esposa, o filho e o seu vizinho, e a seguir tirou a pr\u00f3pria vida, na noite desta quinta-feira, 02, no bairro 11 de Novembro, munic\u00edpio de Mbanza Kongo, por desconfiar que tem sido v\u00edtima de trai\u00e7\u00e3o por [&hellip;]<\/p>\n","protected":false},"author":3,"featured_media":2492,"comment_status":"open","ping_status":"open","sticky":false,"template":"","format":"standard","meta":{"footnotes":""},"categories":[16],"tags":[827,826,828],"class_list":["post-2491","post","type-post","status-publish","format-standard","has-post-thumbnail","hentry","category-actualidade","tag-das-faa","tag-efectivo","tag-suicida-se"],"blocksy_meta":[],"_links":{"self":[{"href":"https:\/\/www.radiomais.ao\/index.php\/wp-json\/wp\/v2\/posts\/2491","targetHints":{"allow":["GET"]}}],"collection":[{"href":"https:\/\/www.radiomais.ao\/index.php\/wp-json\/wp\/v2\/posts"}],"about":[{"href":"https:\/\/www.radiomais.ao\/index.php\/wp-json\/wp\/v2\/types\/post"}],"author":[{"embeddable":true,"href":"https:\/\/www.radiomais.ao\/index.php\/wp-json\/wp\/v2\/users\/3"}],"replies":[{"embeddable":true,"href":"https:\/\/www.radiomais.ao\/index.php\/wp-json\/wp\/v2\/comments?post=2491"}],"version-history":[{"count":1,"href":"https:\/\/www.radiomais.ao\/index.php\/wp-json\/wp\/v2\/posts\/2491\/revisions"}],"predecessor-version":[{"id":2493,"href":"https:\/\/www.radiomais.ao\/index.php\/wp-json\/wp\/v2\/posts\/2491\/revisions\/2493"}],"wp:featuredmedia":[{"embeddable":true,"href":"https:\/\/www.radiomais.ao\/index.php\/wp-json\/wp\/v2\/media\/2492"}],"wp:attachment":[{"href":"https:\/\/www.radiomais.ao\/index.php\/wp-json\/wp\/v2\/media?parent=2491"}],"wp:term":[{"taxonomy":"category","embeddable":true,"href":"https:\/\/www.radiomais.ao\/index.php\/wp-json\/wp\/v2\/categories?post=2491"},{"taxonomy":"post_tag","embeddable":true,"href":"https:\/\/www.radiomais.ao\/index.php\/wp-json\/wp\/v2\/tags?post=2491"}],"curies":[{"name":"wp","href":"https:\/\/api.w.org\/{rel}","templated":true}]}}