{"id":2494,"date":"2025-10-03T13:55:39","date_gmt":"2025-10-03T12:55:39","guid":{"rendered":"https:\/\/www.radiomais.ao\/?p=2494"},"modified":"2025-10-03T13:55:39","modified_gmt":"2025-10-03T12:55:39","slug":"pescadores-angolanos-a-deriva-resgatados-pelas-autoridades-gabonesas-regressaram-ao-pais","status":"publish","type":"post","link":"https:\/\/www.radiomais.ao\/index.php\/2025\/10\/03\/pescadores-angolanos-a-deriva-resgatados-pelas-autoridades-gabonesas-regressaram-ao-pais\/","title":{"rendered":"Pescadores angolanos \u00e0 deriva resgatados pelas autoridades gabonesas regressaram ao pa\u00eds."},"content":{"rendered":"\n<p><strong>Um grupo de dez pescadores angolanos, que andava \u00e0 deriva um m\u00eas no mar, devido \u00e0 avaria da embarca\u00e7\u00e3o, chegou ontem \u00e0 prov\u00edncia de Cabinda depois de ter sido resgatado pelas autoridades mar\u00edtimas gabonesas<\/strong>. Fonte <strong><em><a href=\"https:\/\/www.opais.ao\/sociedade\/pescadores-angolanos-a-deriva-resgatados-pelas-autoridades-gabonesas-regressaram-ao-pais\/\">O pa\u00eds<\/a><\/em><\/strong><\/p>\n","protected":false},"excerpt":{"rendered":"<p>Um grupo de dez pescadores angolanos, que andava \u00e0 deriva um m\u00eas no mar, devido \u00e0 avaria da embarca\u00e7\u00e3o, chegou ontem \u00e0 prov\u00edncia de Cabinda depois de ter sido resgatado pelas autoridades mar\u00edtimas gabonesas. Fonte O pa\u00eds<\/p>\n","protected":false},"author":3,"featured_media":2495,"comment_status":"open","ping_status":"open","sticky":false,"template":"","format":"standard","meta":{"footnotes":""},"categories":[16],"tags":[263,829],"class_list":["post-2494","post","type-post","status-publish","format-standard","has-post-thumbnail","hentry","category-actualidade","tag-angolanos","tag-pescadores"],"blocksy_meta":[],"_links":{"self":[{"href":"https:\/\/www.radiomais.ao\/index.php\/wp-json\/wp\/v2\/posts\/2494","targetHints":{"allow":["GET"]}}],"collection":[{"href":"https:\/\/www.radiomais.ao\/index.php\/wp-json\/wp\/v2\/posts"}],"about":[{"href":"https:\/\/www.radiomais.ao\/index.php\/wp-json\/wp\/v2\/types\/post"}],"author":[{"embeddable":true,"href":"https:\/\/www.radiomais.ao\/index.php\/wp-json\/wp\/v2\/users\/3"}],"replies":[{"embeddable":true,"href":"https:\/\/www.radiomais.ao\/index.php\/wp-json\/wp\/v2\/comments?post=2494"}],"version-history":[{"count":1,"href":"https:\/\/www.radiomais.ao\/index.php\/wp-json\/wp\/v2\/posts\/2494\/revisions"}],"predecessor-version":[{"id":2496,"href":"https:\/\/www.radiomais.ao\/index.php\/wp-json\/wp\/v2\/posts\/2494\/revisions\/2496"}],"wp:featuredmedia":[{"embeddable":true,"href":"https:\/\/www.radiomais.ao\/index.php\/wp-json\/wp\/v2\/media\/2495"}],"wp:attachment":[{"href":"https:\/\/www.radiomais.ao\/index.php\/wp-json\/wp\/v2\/media?parent=2494"}],"wp:term":[{"taxonomy":"category","embeddable":true,"href":"https:\/\/www.radiomais.ao\/index.php\/wp-json\/wp\/v2\/categories?post=2494"},{"taxonomy":"post_tag","embeddable":true,"href":"https:\/\/www.radiomais.ao\/index.php\/wp-json\/wp\/v2\/tags?post=2494"}],"curies":[{"name":"wp","href":"https:\/\/api.w.org\/{rel}","templated":true}]}}