{"id":2501,"date":"2025-10-06T16:04:03","date_gmt":"2025-10-06T15:04:03","guid":{"rendered":"https:\/\/www.radiomais.ao\/?p=2501"},"modified":"2025-10-06T16:04:03","modified_gmt":"2025-10-06T15:04:03","slug":"tribunal-constitucional-nega-existencia-de-inconstitucionalidade-por-omissao-da-assembleia-nacional","status":"publish","type":"post","link":"https:\/\/www.radiomais.ao\/index.php\/2025\/10\/06\/tribunal-constitucional-nega-existencia-de-inconstitucionalidade-por-omissao-da-assembleia-nacional\/","title":{"rendered":"Tribunal Constitucional nega exist\u00eancia de inconstitucionalidade por omiss\u00e3o da Assembleia Nacional."},"content":{"rendered":"\n<p><strong>O Tribunal Constitucional (TC) negou a exist\u00eancia de inconstitucionalidade por omiss\u00e3o, pelo facto de a Assembleia Nacional (AN) n\u00e3o ter aprovado, at\u00e9 ao momento, a Lei de Institucionaliza\u00e7\u00e3o das Autarquias Locais, como previsto na Constitui\u00e7\u00e3o da Rep\u00fablica<\/strong>. Fonte<strong><em><a href=\"https:\/\/www.opais.ao\/economia\/tribunal-constitucional-nega-existencia-de-inconstitucionalidade-por-omissao-da-assembleia-nacional\/\"> Opa\u00eds<\/a><\/em><\/strong><\/p>\n","protected":false},"excerpt":{"rendered":"<p>O Tribunal Constitucional (TC) negou a exist\u00eancia de inconstitucionalidade por omiss\u00e3o, pelo facto de a Assembleia Nacional (AN) n\u00e3o ter aprovado, at\u00e9 ao momento, a Lei de Institucionaliza\u00e7\u00e3o das Autarquias Locais, como previsto na Constitui\u00e7\u00e3o da Rep\u00fablica. Fonte Opa\u00eds<\/p>\n","protected":false},"author":3,"featured_media":2502,"comment_status":"open","ping_status":"open","sticky":false,"template":"","format":"standard","meta":{"footnotes":""},"categories":[16],"tags":[89,832],"class_list":["post-2501","post","type-post","status-publish","format-standard","has-post-thumbnail","hentry","category-actualidade","tag-assembleia-nacional","tag-tribunal-constitucional"],"blocksy_meta":[],"_links":{"self":[{"href":"https:\/\/www.radiomais.ao\/index.php\/wp-json\/wp\/v2\/posts\/2501","targetHints":{"allow":["GET"]}}],"collection":[{"href":"https:\/\/www.radiomais.ao\/index.php\/wp-json\/wp\/v2\/posts"}],"about":[{"href":"https:\/\/www.radiomais.ao\/index.php\/wp-json\/wp\/v2\/types\/post"}],"author":[{"embeddable":true,"href":"https:\/\/www.radiomais.ao\/index.php\/wp-json\/wp\/v2\/users\/3"}],"replies":[{"embeddable":true,"href":"https:\/\/www.radiomais.ao\/index.php\/wp-json\/wp\/v2\/comments?post=2501"}],"version-history":[{"count":1,"href":"https:\/\/www.radiomais.ao\/index.php\/wp-json\/wp\/v2\/posts\/2501\/revisions"}],"predecessor-version":[{"id":2503,"href":"https:\/\/www.radiomais.ao\/index.php\/wp-json\/wp\/v2\/posts\/2501\/revisions\/2503"}],"wp:featuredmedia":[{"embeddable":true,"href":"https:\/\/www.radiomais.ao\/index.php\/wp-json\/wp\/v2\/media\/2502"}],"wp:attachment":[{"href":"https:\/\/www.radiomais.ao\/index.php\/wp-json\/wp\/v2\/media?parent=2501"}],"wp:term":[{"taxonomy":"category","embeddable":true,"href":"https:\/\/www.radiomais.ao\/index.php\/wp-json\/wp\/v2\/categories?post=2501"},{"taxonomy":"post_tag","embeddable":true,"href":"https:\/\/www.radiomais.ao\/index.php\/wp-json\/wp\/v2\/tags?post=2501"}],"curies":[{"name":"wp","href":"https:\/\/api.w.org\/{rel}","templated":true}]}}