{"id":2504,"date":"2025-10-06T16:10:57","date_gmt":"2025-10-06T15:10:57","guid":{"rendered":"https:\/\/www.radiomais.ao\/?p=2504"},"modified":"2025-10-06T16:10:57","modified_gmt":"2025-10-06T15:10:57","slug":"luanda-acolhe-forum-dos-conselhos-superiores-de-justica-da-cplp","status":"publish","type":"post","link":"https:\/\/www.radiomais.ao\/index.php\/2025\/10\/06\/luanda-acolhe-forum-dos-conselhos-superiores-de-justica-da-cplp\/","title":{"rendered":"Luanda acolhe F\u00f3rum dos Conselhos Superiores de Justi\u00e7a da CPLP."},"content":{"rendered":"\n<p>A capital do pa\u00eds vai acolher, na pr\u00f3xima quarta-feira, 8, a 2.\u00aa Cimeira do F\u00f3rum dos Conselhos Superiores de Justi\u00e7a da Comunidade dos Pa\u00edses de L\u00edngua Portuguesa (CPLP). Fonte <strong><em><a href=\"https:\/\/www.opais.ao\/politica\/luanda-acolhe-forum-dos-conselhos-superiores-de-justica-da-cplp\/\">Opa\u00eds<\/a><\/em><\/strong><\/p>\n","protected":false},"excerpt":{"rendered":"<p>A capital do pa\u00eds vai acolher, na pr\u00f3xima quarta-feira, 8, a 2.\u00aa Cimeira do F\u00f3rum dos Conselhos Superiores de Justi\u00e7a da Comunidade dos Pa\u00edses de L\u00edngua Portuguesa (CPLP). Fonte Opa\u00eds<\/p>\n","protected":false},"author":3,"featured_media":2505,"comment_status":"open","ping_status":"open","sticky":false,"template":"","format":"standard","meta":{"footnotes":""},"categories":[16],"tags":[87,833],"class_list":["post-2504","post","type-post","status-publish","format-standard","has-post-thumbnail","hentry","category-actualidade","tag-luanda","tag-superiores-de-justica-cplp"],"blocksy_meta":[],"_links":{"self":[{"href":"https:\/\/www.radiomais.ao\/index.php\/wp-json\/wp\/v2\/posts\/2504","targetHints":{"allow":["GET"]}}],"collection":[{"href":"https:\/\/www.radiomais.ao\/index.php\/wp-json\/wp\/v2\/posts"}],"about":[{"href":"https:\/\/www.radiomais.ao\/index.php\/wp-json\/wp\/v2\/types\/post"}],"author":[{"embeddable":true,"href":"https:\/\/www.radiomais.ao\/index.php\/wp-json\/wp\/v2\/users\/3"}],"replies":[{"embeddable":true,"href":"https:\/\/www.radiomais.ao\/index.php\/wp-json\/wp\/v2\/comments?post=2504"}],"version-history":[{"count":1,"href":"https:\/\/www.radiomais.ao\/index.php\/wp-json\/wp\/v2\/posts\/2504\/revisions"}],"predecessor-version":[{"id":2506,"href":"https:\/\/www.radiomais.ao\/index.php\/wp-json\/wp\/v2\/posts\/2504\/revisions\/2506"}],"wp:featuredmedia":[{"embeddable":true,"href":"https:\/\/www.radiomais.ao\/index.php\/wp-json\/wp\/v2\/media\/2505"}],"wp:attachment":[{"href":"https:\/\/www.radiomais.ao\/index.php\/wp-json\/wp\/v2\/media?parent=2504"}],"wp:term":[{"taxonomy":"category","embeddable":true,"href":"https:\/\/www.radiomais.ao\/index.php\/wp-json\/wp\/v2\/categories?post=2504"},{"taxonomy":"post_tag","embeddable":true,"href":"https:\/\/www.radiomais.ao\/index.php\/wp-json\/wp\/v2\/tags?post=2504"}],"curies":[{"name":"wp","href":"https:\/\/api.w.org\/{rel}","templated":true}]}}