{"id":2507,"date":"2025-10-06T16:27:57","date_gmt":"2025-10-06T15:27:57","guid":{"rendered":"https:\/\/www.radiomais.ao\/?p=2507"},"modified":"2025-10-07T09:45:48","modified_gmt":"2025-10-07T08:45:48","slug":"excesso-de-prisao-preventiva-e-morosidade-processual-sao-as-principais-queixas-apresentadas-a-provedoria-de-justica-em-cabinda","status":"publish","type":"post","link":"https:\/\/www.radiomais.ao\/index.php\/2025\/10\/06\/excesso-de-prisao-preventiva-e-morosidade-processual-sao-as-principais-queixas-apresentadas-a-provedoria-de-justica-em-cabinda\/","title":{"rendered":"Excesso de pris\u00e3o preventiva e morosidade processual s\u00e3o as principais queixas apresentadas \u00e0 Provedoria de Justi\u00e7a em Cabinda."},"content":{"rendered":"\n<p><strong>As principais preocupa\u00e7\u00f5es que os cidad\u00e3os apresentaram como queixas \u00e0 Provedoria de Justi\u00e7a em Cabinda t\u00eam a ver com o excesso de pris\u00e3o preventiva, quer na fase de instru\u00e7\u00e3o preparat\u00f3ria quer na fase judicial, bem como com a morosidade processual nos tribunais<\/strong>. Fonte <strong><em><a href=\"https:\/\/www.opais.ao\/politica\/excesso-de-prisao-preventiva-e-morosidade-processual-sao-as-principais-queixas-apresentadas-a-provedoria-de-justica-em-cabinda\/\">Opais<\/a><\/em><\/strong><\/p>\n\n\n\n<p> <\/p>\n","protected":false},"excerpt":{"rendered":"<p>As principais preocupa\u00e7\u00f5es que os cidad\u00e3os apresentaram como queixas \u00e0 Provedoria de Justi\u00e7a em Cabinda t\u00eam a ver com o excesso de pris\u00e3o preventiva, quer na fase de instru\u00e7\u00e3o preparat\u00f3ria quer na fase judicial, bem como com a morosidade processual nos tribunais. Fonte Opais<\/p>\n","protected":false},"author":3,"featured_media":2508,"comment_status":"open","ping_status":"open","sticky":false,"template":"","format":"standard","meta":{"footnotes":""},"categories":[16],"tags":[835,834,836],"class_list":["post-2507","post","type-post","status-publish","format-standard","has-post-thumbnail","hentry","category-actualidade","tag-morosidade","tag-prisao-preventiva","tag-queixas"],"blocksy_meta":[],"_links":{"self":[{"href":"https:\/\/www.radiomais.ao\/index.php\/wp-json\/wp\/v2\/posts\/2507","targetHints":{"allow":["GET"]}}],"collection":[{"href":"https:\/\/www.radiomais.ao\/index.php\/wp-json\/wp\/v2\/posts"}],"about":[{"href":"https:\/\/www.radiomais.ao\/index.php\/wp-json\/wp\/v2\/types\/post"}],"author":[{"embeddable":true,"href":"https:\/\/www.radiomais.ao\/index.php\/wp-json\/wp\/v2\/users\/3"}],"replies":[{"embeddable":true,"href":"https:\/\/www.radiomais.ao\/index.php\/wp-json\/wp\/v2\/comments?post=2507"}],"version-history":[{"count":3,"href":"https:\/\/www.radiomais.ao\/index.php\/wp-json\/wp\/v2\/posts\/2507\/revisions"}],"predecessor-version":[{"id":2511,"href":"https:\/\/www.radiomais.ao\/index.php\/wp-json\/wp\/v2\/posts\/2507\/revisions\/2511"}],"wp:featuredmedia":[{"embeddable":true,"href":"https:\/\/www.radiomais.ao\/index.php\/wp-json\/wp\/v2\/media\/2508"}],"wp:attachment":[{"href":"https:\/\/www.radiomais.ao\/index.php\/wp-json\/wp\/v2\/media?parent=2507"}],"wp:term":[{"taxonomy":"category","embeddable":true,"href":"https:\/\/www.radiomais.ao\/index.php\/wp-json\/wp\/v2\/categories?post=2507"},{"taxonomy":"post_tag","embeddable":true,"href":"https:\/\/www.radiomais.ao\/index.php\/wp-json\/wp\/v2\/tags?post=2507"}],"curies":[{"name":"wp","href":"https:\/\/api.w.org\/{rel}","templated":true}]}}