{"id":2512,"date":"2025-10-07T09:49:35","date_gmt":"2025-10-07T08:49:35","guid":{"rendered":"https:\/\/www.radiomais.ao\/?p=2512"},"modified":"2025-10-07T09:49:35","modified_gmt":"2025-10-07T08:49:35","slug":"governo-quer-contar-com-contribuicoes-dos-operadores-para-o-fortalecimento-do-turismo","status":"publish","type":"post","link":"https:\/\/www.radiomais.ao\/index.php\/2025\/10\/07\/governo-quer-contar-com-contribuicoes-dos-operadores-para-o-fortalecimento-do-turismo\/","title":{"rendered":"Governo quer contar com contribui\u00e7\u00f5es dos operadores para o fortalecimento do turismo."},"content":{"rendered":"\n<p><strong>O ministro do Turismo, M\u00e1rcio Daniel, disse ontem, em Luanda, que o governo est\u00e1 aberto e conta com as contribui\u00e7\u00f5es dos operadores tur\u00edsticos para o melhoramento e fortalecimento do sector em Angola<\/strong>. Fonte<strong><em><a href=\"https:\/\/www.opais.ao\/economia\/governo-quer-contar-com-contribuicoes-dos-operadores-para-o-fortalecimento-do-turismo\/\"> Opa\u00eds<\/a><\/em><\/strong><\/p>\n","protected":false},"excerpt":{"rendered":"<p>O ministro do Turismo, M\u00e1rcio Daniel, disse ontem, em Luanda, que o governo est\u00e1 aberto e conta com as contribui\u00e7\u00f5es dos operadores tur\u00edsticos para o melhoramento e fortalecimento do sector em Angola. Fonte Opa\u00eds<\/p>\n","protected":false},"author":3,"featured_media":2513,"comment_status":"open","ping_status":"open","sticky":false,"template":"","format":"standard","meta":{"footnotes":""},"categories":[1],"tags":[75,838,22,837],"class_list":["post-2512","post","type-post","status-publish","format-standard","has-post-thumbnail","hentry","category-uncategorized","tag-angola","tag-contribuicoes","tag-destaque","tag-turismo"],"blocksy_meta":[],"_links":{"self":[{"href":"https:\/\/www.radiomais.ao\/index.php\/wp-json\/wp\/v2\/posts\/2512","targetHints":{"allow":["GET"]}}],"collection":[{"href":"https:\/\/www.radiomais.ao\/index.php\/wp-json\/wp\/v2\/posts"}],"about":[{"href":"https:\/\/www.radiomais.ao\/index.php\/wp-json\/wp\/v2\/types\/post"}],"author":[{"embeddable":true,"href":"https:\/\/www.radiomais.ao\/index.php\/wp-json\/wp\/v2\/users\/3"}],"replies":[{"embeddable":true,"href":"https:\/\/www.radiomais.ao\/index.php\/wp-json\/wp\/v2\/comments?post=2512"}],"version-history":[{"count":1,"href":"https:\/\/www.radiomais.ao\/index.php\/wp-json\/wp\/v2\/posts\/2512\/revisions"}],"predecessor-version":[{"id":2514,"href":"https:\/\/www.radiomais.ao\/index.php\/wp-json\/wp\/v2\/posts\/2512\/revisions\/2514"}],"wp:featuredmedia":[{"embeddable":true,"href":"https:\/\/www.radiomais.ao\/index.php\/wp-json\/wp\/v2\/media\/2513"}],"wp:attachment":[{"href":"https:\/\/www.radiomais.ao\/index.php\/wp-json\/wp\/v2\/media?parent=2512"}],"wp:term":[{"taxonomy":"category","embeddable":true,"href":"https:\/\/www.radiomais.ao\/index.php\/wp-json\/wp\/v2\/categories?post=2512"},{"taxonomy":"post_tag","embeddable":true,"href":"https:\/\/www.radiomais.ao\/index.php\/wp-json\/wp\/v2\/tags?post=2512"}],"curies":[{"name":"wp","href":"https:\/\/api.w.org\/{rel}","templated":true}]}}