{"id":2515,"date":"2025-10-07T09:53:02","date_gmt":"2025-10-07T08:53:02","guid":{"rendered":"https:\/\/www.radiomais.ao\/?p=2515"},"modified":"2025-10-07T09:53:02","modified_gmt":"2025-10-07T08:53:02","slug":"ministro-destaca-influencia-da-diplomacia-angolana-na-resolucao-de-conflitos-em-africa","status":"publish","type":"post","link":"https:\/\/www.radiomais.ao\/index.php\/2025\/10\/07\/ministro-destaca-influencia-da-diplomacia-angolana-na-resolucao-de-conflitos-em-africa\/","title":{"rendered":"Ministro destaca influ\u00eancia da diplomacia angolana na resolu\u00e7\u00e3o de conflitos em \u00c1frica."},"content":{"rendered":"\n<p><strong>Tet\u00e9 Ant\u00f3nio, que discursava na abertura da Confer\u00eancia sobre os 50 Anos da Diplomacia Angolana, que encerra hoje em Luanda, sublinhou que, desde o alcance da paz definitiva em 2002, Angola assumiu, com responsabilidade, o papel de mediador e facilitador de processos de reconcilia\u00e7\u00e3o em v\u00e1rias regi\u00f5es de \u00c1frica, com destaque para o leste da RDC, Rep\u00fablica Centro Africana e Sud\u00e3o<\/strong>. Fonte <strong><em><a href=\"https:\/\/www.opais.ao\/politica\/ministro-destaca-influencia-da-diplomacia-angolana-na-resolucao-de-conflitos-em-africa\/\">Opa\u00eds<\/a><\/em><\/strong><\/p>\n","protected":false},"excerpt":{"rendered":"<p>Tet\u00e9 Ant\u00f3nio, que discursava na abertura da Confer\u00eancia sobre os 50 Anos da Diplomacia Angolana, que encerra hoje em Luanda, sublinhou que, desde o alcance da paz definitiva em 2002, Angola assumiu, com responsabilidade, o papel de mediador e facilitador de processos de reconcilia\u00e7\u00e3o em v\u00e1rias regi\u00f5es de \u00c1frica, com destaque para o leste da [&hellip;]<\/p>\n","protected":false},"author":3,"featured_media":2516,"comment_status":"open","ping_status":"open","sticky":false,"template":"","format":"standard","meta":{"footnotes":""},"categories":[16],"tags":[840,839,765],"class_list":["post-2515","post","type-post","status-publish","format-standard","has-post-thumbnail","hentry","category-actualidade","tag-conflitos-em-africa","tag-influencia-dipomatica","tag-tete-antonio"],"blocksy_meta":[],"_links":{"self":[{"href":"https:\/\/www.radiomais.ao\/index.php\/wp-json\/wp\/v2\/posts\/2515","targetHints":{"allow":["GET"]}}],"collection":[{"href":"https:\/\/www.radiomais.ao\/index.php\/wp-json\/wp\/v2\/posts"}],"about":[{"href":"https:\/\/www.radiomais.ao\/index.php\/wp-json\/wp\/v2\/types\/post"}],"author":[{"embeddable":true,"href":"https:\/\/www.radiomais.ao\/index.php\/wp-json\/wp\/v2\/users\/3"}],"replies":[{"embeddable":true,"href":"https:\/\/www.radiomais.ao\/index.php\/wp-json\/wp\/v2\/comments?post=2515"}],"version-history":[{"count":1,"href":"https:\/\/www.radiomais.ao\/index.php\/wp-json\/wp\/v2\/posts\/2515\/revisions"}],"predecessor-version":[{"id":2517,"href":"https:\/\/www.radiomais.ao\/index.php\/wp-json\/wp\/v2\/posts\/2515\/revisions\/2517"}],"wp:featuredmedia":[{"embeddable":true,"href":"https:\/\/www.radiomais.ao\/index.php\/wp-json\/wp\/v2\/media\/2516"}],"wp:attachment":[{"href":"https:\/\/www.radiomais.ao\/index.php\/wp-json\/wp\/v2\/media?parent=2515"}],"wp:term":[{"taxonomy":"category","embeddable":true,"href":"https:\/\/www.radiomais.ao\/index.php\/wp-json\/wp\/v2\/categories?post=2515"},{"taxonomy":"post_tag","embeddable":true,"href":"https:\/\/www.radiomais.ao\/index.php\/wp-json\/wp\/v2\/tags?post=2515"}],"curies":[{"name":"wp","href":"https:\/\/api.w.org\/{rel}","templated":true}]}}